{"id":1249,"date":"2013-08-14T10:05:44","date_gmt":"2013-08-14T08:05:44","guid":{"rendered":"http:\/\/www.laligue85.org\/fra\/blog\/2013\/08\/14\/bpjeps-activites-physiques-pour-tous\/"},"modified":"2026-04-22T12:28:21","modified_gmt":"2026-04-22T10:28:21","slug":"bpjeps-activites-physiques-pour-tous","status":"publish","type":"post","link":"https:\/\/www.laligue85.org\/fra\/blog\/2013\/08\/14\/bpjeps-activites-physiques-pour-tous\/","title":{"rendered":"BPJEPS Sp\u00e9cialit\u00e9 \u00c9ducateur sportif Mention Multi-Activit\u00e9s Physiques ou Sportives pour tous"},"content":{"rendered":"<p>[vc_row css=\u00a0\u00bb.vc_custom_1494849953524{padding-top: 90px !important;padding-bottom: 50px !important;}\u00a0\u00bb][vc_column][vc_row_inner equal_height=\u00a0\u00bbyes\u00a0\u00bb content_placement=\u00a0\u00bbmiddle\u00a0\u00bb css=\u00a0\u00bb.vc_custom_1494851068829{margin-bottom: 40px !important;}\u00a0\u00bb][vc_column_inner width=\u00a0\u00bb7\/12&Prime; css=\u00a0\u00bb.vc_custom_1494849698699{padding-right: 5% !important;}\u00a0\u00bb]<div class=\"engage-swiper-slider swiper-container mp-gallery\"><div class=\"swiper-wrapper\"><div class=\"swiper-slide\"><a href=\"https:\/\/www.laligue85.org\/fra\/wp-content\/uploads\/2013\/08\/BPJEPS-MAPS.png\"><img loading=\"lazy\" decoding=\"async\" class=\"\" src=\"https:\/\/www.laligue85.org\/fra\/wp-content\/uploads\/2013\/08\/BPJEPS-MAPS-700x420.png\" width=\"700\" height=\"420\" alt=\"BPJEPS MAPS\" title=\"BPJEPS MAPS\" \/><\/a><\/div><\/div><div class=\"engage-slider-pagination swiper-pagination\"><\/div><\/div>[\/vc_column_inner][vc_column_inner width=\u00a0\u00bb5\/12&Prime; css=\u00a0\u00bb.vc_custom_1494849694618{padding-left: 5% !important;}\u00a0\u00bb][vc_column_text css=\u00a0\u00bb.vc_custom_1776853685855{margin-bottom: 16px !important;}\u00a0\u00bb]BPJEPS Sp\u00e9cialit\u00e9 \u00c9ducateur sportif Mention Multi-Activit\u00e9s Physiques ou Sportives pour tous[\/vc_column_text][vc_column_text]Formation professionnelle et dipl\u00f4mante de niveau 4<\/p>\n<p>Titulaire du BPJEPS MAPS, vous \u00eates animateur.ice d\u2019activit\u00e9s physiques et sportives charg\u00e9.e de mettre en place des projets et d\u2019animer des activit\u00e9s physiques \u00e0 destination de tous types de publics. Vous proposez et encadrez des activit\u00e9s d\u2019initiation ou de d\u00e9couverte, aussi bien que des animations ludiques ayant pour objectif la d\u00e9tente et le bien-\u00eatre.<\/p>\n<p><span style=\"color: #000000; font-family: 'Open Sans', sans-serif, Arial, sans-serif; font-size: 13px; font-style: normal; font-variant-ligatures: normal; font-variant-caps: normal; font-weight: 400; letter-spacing: normal; orphans: 2; text-align: start; text-indent: 0px; text-transform: none; widows: 2; word-spacing: 0px; -webkit-text-stroke-width: 0px; white-space: normal; background-color: #ffffff; text-decoration-thickness: initial; text-decoration-style: initial; text-decoration-color: initial; display: inline !important; float: none;\">BPJEPS MAPS inscrit au RNCP n\u00b0 404801 &#8211; Certificateur Minist\u00e8re des Sports et des Jeux Olympiques et Paralympiques &#8211; date d&rsquo;enregistrement 01\/12\/2024<\/span>[\/vc_column_text][\/vc_column_inner][\/vc_row_inner][vc_row_inner][vc_column_inner width=\u00a0\u00bb1\/3&Prime;]<div class=\"vntd-icon-box vntd-content-element box-centered-outline icon-size-medium box-centered\"><div class=\"icon-box-icon color-accent\"><i class=\"fa fa-users\"><\/i><\/div><div class=\"icon-box-content\"><h5 class=\"icon-box-title\">Publics concern\u00e9s<\/h5><p class=\"icon-description\"><\/p><\/div><\/div>[vc_column_text]<\/p>\n<ul>\n<li>Demandeur.se d\u2019emploi<\/li>\n<li>Apprenti.es ou salari\u00e9.es relevant du secteur du sport, de l\u2019animation, du tourisme, des loisirs ou de la sant\u00e9 :<br \/>\ncollectivit\u00e9s territoriales, associations sportives, clubs omnisports, bases de loisirs, ALSH, villages de vacances, centres thermaux-ludiques.<\/li>\n<\/ul>\n<p>[\/vc_column_text][\/vc_column_inner][vc_column_inner width=\u00a0\u00bb1\/3&Prime;]<div class=\"vntd-icon-box vntd-content-element box-centered-outline icon-size-medium box-centered\"><div class=\"icon-box-icon color-accent\"><i class=\"fa fa-arrow-right\"><\/i><\/div><div class=\"icon-box-content\"><h5 class=\"icon-box-title\">Objectifs p\u00e9dagogiques<\/h5><p class=\"icon-description\"><\/p><\/div><\/div>[vc_column_text]La formation a pour objectif de pr\u00e9parer les stagiaires \u00e0 :<br \/>\n&#8211; Exercer les fonctions d\u2019animateur.rice sportif.ive polyvalent.e<br \/>\n&#8211; D\u00e9velopper des comp\u00e9tences professionnelles dans le champ de l\u2019animation sportive<br \/>\n&#8211; R\u00e9pondre \u00e0 la demande sociale de nouvelles pratiques d\u2019animation sportive en direction de nouveaux publics<br \/>\n&#8211; Participer au fonctionnement de la structure<br \/>\n&#8211; Acqu\u00e9rir un dipl\u00f4me d\u2019\u00c9tat de niveau IV reconnu.[\/vc_column_text][\/vc_column_inner][vc_column_inner width=\u00a0\u00bb1\/3&Prime;]<div class=\"vntd-icon-box vntd-content-element box-centered-outline icon-size-medium box-centered\"><div class=\"icon-box-icon color-accent\"><i class=\"fa fa-user-circle-o\"><\/i><\/div><div class=\"icon-box-content\"><h5 class=\"icon-box-title\">Pr\u00e9 requis<\/h5><p class=\"icon-description\"><\/p><\/div><\/div>[vc_column_text]<\/p>\n<ul>\n<li>Avoir 16 ans<\/li>\n<li>Attestation PSC ou SST en cours de validit\u00e9 Certificat m\u00e9dical de non contre indication \u00e0 la pratique et l\u2019encadrement de l\u2019activit\u00e9 ou des activit\u00e9s physiques ou sportives (Mod\u00e8le sp\u00e9cifique au BPJEPS MAPS \u00e0 nous demander)<\/li>\n<li>Satisfaire aux Tests d\u2019Exigences Pr\u00e9alables<\/li>\n<\/ul>\n<p>SELECTION\u00a0:<\/p>\n<p>Un recrutement afin de v\u00e9rifier l\u2019ad\u00e9quation du projet professionnel du candidat, sa motivation individuelle pour tenter de<br \/>\ngarantir la r\u00e9alisation de ses deux objectifs principaux : l\u2019acquisition du dipl\u00f4me BPJEPS et l\u2019insertion professionnelle.<\/p>\n<p><strong>Les \u00e9preuves ont donc pour objectifs de v\u00e9rifier :<\/strong><br \/>\n&#8211; les capacit\u00e9s d\u2019expression \u00e9crite et orale<br \/>\n&#8211; la motivation, l\u2019implication et le r\u00e9alisme du projet professionnel du candidat.<br \/>\n&#8211; la repr\u00e9sentation du m\u00e9tier<\/p>\n<p><strong>Les \u00e9preuves s\u2019organisent autour de 3 temps :<\/strong><br \/>\n1.Les tests d\u2019exigences pr\u00e9alables (TEP) \u00e0 l\u2019entr\u00e9e en formation Tests physiques selon la r\u00e8glementation<br \/>\n2. Un entretien de 30 \u00e0 45 min. Le candidat exprimera ses motivations et son projet \u00e0 s\u2019engager dans une formation dipl\u00f4mante en animation sportive.<br \/>\n3. Une \u00e9preuve \u00e9crite d\u20191h15. Le candidat r\u00e9sumera un texte donn\u00e9 et d\u00e9gagera en quelques lignes la probl\u00e9matique\u00a0 principale. Cet \u00e9crit sur table permettra de contr\u00f4ler les capacit\u00e9s de r\u00e9daction du candidat.[\/vc_column_text][\/vc_column_inner][\/vc_row_inner][\/vc_column][\/vc_row][vc_row equal_height=\u00a0\u00bbyes\u00a0\u00bb content_placement=\u00a0\u00bbmiddle\u00a0\u00bb css=\u00a0\u00bb.vc_custom_1493993344324{padding-top: 60px !important;padding-bottom: 20px !important;background-color: #ffffff !important;}\u00a0\u00bb][vc_column col_padding_side=\u00a0\u00bbright\u00a0\u00bb css=\u00a0\u00bb.vc_custom_1493057150253{padding-bottom: 15px !important;}\u00a0\u00bb][vc_tta_tabs style=\u00a0\u00bbengage_minimal\u00a0\u00bb alignment=\u00a0\u00bbcenter\u00a0\u00bb active_section=\u00a0\u00bb1&Prime; css=\u00a0\u00bb.vc_custom_1663062797015{padding-top: 30px !important;}\u00a0\u00bb][vc_tta_section title=\u00a0\u00bbProgramme d\u00e9taill\u00e9\u00a0\u00bb tab_id=\u00a0\u00bb1493993485970-ad7afcba-6bee\u00a0\u00bb][vc_row_inner][vc_column_inner][vc_column_text]<\/p>\n<ul>\n<li>Communication en situation professionnelle<\/li>\n<li>Prise en compte des caract\u00e9ristiques des publics et de leur s\u00e9curit\u00e9<\/li>\n<li>Organisation des structures employeurs et environnement professionnel<\/li>\n<li>M\u00e9thodologie de projet<\/li>\n<li>Les activit\u00e9s physiques et sportives<\/li>\n<li>La conception, la conduite et \u00e9valuation des cycles d\u2019activit\u00e9s<\/li>\n<li>Les d\u00e9marches p\u00e9dagogiques adapt\u00e9es aux diff\u00e9rents publics et activit\u00e9s<\/li>\n<\/ul>\n<p>&nbsp;<\/p>\n<p>D\u00c9BOUCH\u00c9S<\/p>\n<ul>\n<li>Animateur.ice socioculturel.le<\/li>\n<li>Animateur.ice social.e<\/li>\n<li>Animateur.ice sportif.ve dans les \u00e9coles<\/li>\n<li>Charg\u00e9.e de projet \u00e9ducatif<\/li>\n<li>Coach sportif.ve ou entra\u00eeneur.se sportif.ve<\/li>\n<li>Conseiller.e sportif.ve<\/li>\n<li>\u00c9ducateur.ice<\/li>\n<li>\u00c9ducateur.ice sportif.ve<\/li>\n<li>\u00c9ducateur.ice dans un \u00e9tablissement sp\u00e9cialis\u00e9<\/li>\n<li>Entra\u00eeneur.ice de foot.<\/li>\n<\/ul>\n<p>[\/vc_column_text][\/vc_column_inner][\/vc_row_inner][\/vc_tta_section][vc_tta_section title=\u00a0\u00bbDur\u00e9e et modalit\u00e9s de la formation\u00a0\u00bb tab_id=\u00a0\u00bb1493993486815-2e178a9e-da9a\u00a0\u00bb][vc_row_inner][vc_column_inner][vc_column_text]Formation en alternance<br \/>\nMise en situation pratique<br \/>\nAnalyse de pratique<br \/>\nFormation de 567 heures en centre de formation et 840 heures en entreprise[\/vc_column_text][\/vc_column_inner][\/vc_row_inner][\/vc_tta_section][vc_tta_section title=\u00a0\u00bbMoyens p\u00e9dagogiques et techniques\u00a0\u00bb tab_id=\u00a0\u00bb1713455259464-69ceaea5-33f7&Prime;][vc_column_text]La formation alterne temps d\u2019apports th\u00e9oriques, \u00e9changes et analyse de pratiques et mises en situation. Dans une d\u00e9marche d\u2019\u00e9ducation populaire, les stagiaires participent \u00e0 l\u2019apport de connaissances au sein du groupe gr\u00e2ce aux diff\u00e9rents espaces de partage et de r\u00e9flexion. Le formateur est garant du cadre et des apports de la formation.<\/p>\n<p>Le temps en entreprise est une partie int\u00e9grante de la formation. Un livret stagiaire facilite le lien entre le centre de formation et le lieu de stage afin d\u2019accompagner le stagiaire tout au long de son parcours de formation.<\/p>\n<p>LES INTERVENANTS<\/p>\n<p>L\u2019\u00e9tablissement de Formation propose depuis 20 ans des formations dipl\u00f4mantes et qualifiantes dans le champ de l\u2019animation sportive. L\u2019\u00e9quipe p\u00e9dagogique est compos\u00e9e de formateurs professionnels de l\u2019animation et d\u2019intervenants sp\u00e9cialis\u00e9s. Des intervenants de la Ligue de l\u2019enseignement seront tr\u00e8s souvent sollicit\u00e9s sur les contenus de la formation.[\/vc_column_text][\/vc_tta_section][vc_tta_section title=\u00a0\u00bbEvaluation des acquis\u00a0\u00bb tab_id=\u00a0\u00bb1663425288486-83018689-59fd\u00a0\u00bb][vc_column_text]Le dipl\u00f4me BPJEPS MAPS est obtenu par la capitalisation des 3 blocs de comp\u00e9tences (BC) qui le constituent.<br \/>\nBC 1-2 transversales quelle que soit la sp\u00e9cialit\u00e9 et la mention.<br \/>\nBC 3 propres \u00e0 la sp\u00e9cialit\u00e9 d\u2019\u00e9ducateur sportif.<\/p>\n<p>La validation de chaque BC est soumise \u00e0 la certification par des professionnel.les.<br \/>\nAll\u00e8gements possibles sur le BC3 si vous disposez de l\u2019UC 3 ou 4 du BPJEPS sp\u00e9cialit\u00e9 \u201c\u00e9ducateur sportif\u201d mention \u201cactivit\u00e9s physiques pour tous\u201d<br \/>\nLes UC1 et 2 du BPJEPS sp\u00e9cialit\u00e9 \u201canimateur\u201d ou \u201c\u00e9ducateur sportif\u201d permettent d\u2019obtenir le BC1 et permettent des all\u00e8gement sur le BC2.[\/vc_column_text][\/vc_tta_section][vc_tta_section title=\u00a0\u00bbTarifs et financements\u00a0\u00bb tab_id=\u00a0\u00bb1663062012885-47331162-95d6&Prime;][vc_column_text]<strong>Co\u00fbt de la formation<\/strong><br \/>\nprise en charge OPCO sur devis<br \/>\ndemandeurs d\u2019emploi et financement individuel 7318,5\u20ac<br \/>\nFrais d\u2019inscription de 45 \u20ac<\/p>\n<p><strong>Financements mobilisables<\/strong><br \/>\n&#8211; Contrat d\u2019apprentissage<br \/>\n&#8211; CPF<br \/>\n&#8211; Contrat pro<br \/>\n&#8211; AIF de France Travail[\/vc_column_text][\/vc_tta_section][vc_tta_section title=\u00a0\u00bbAccessibilit\u00e9 aux personnes en situation de handicap\u00a0\u00bb tab_id=\u00a0\u00bb1713455398340-bad5e884-40d6&Prime;][vc_column_text]Une situation de handicap ? Contactez notre r\u00e9f\u00e9rente pour organiser votre accueil dans les meilleures conditions.<\/p>\n<ul>\n<li>R\u00e9f\u00e9rente administrative et handicap : Elodie Nourry e.nourry@laligue85.org<\/li>\n<\/ul>\n<p>[\/vc_column_text][\/vc_tta_section][vc_tta_section title=\u00a0\u00bbIndicateurs de r\u00e9sultat\u00a0\u00bb tab_id=\u00a0\u00bb1723801223091-adcd28cb-6838&Prime;][vc_column_text][\/vc_column_text][\/vc_tta_section][vc_tta_section title=\u00a0\u00bbNombre de participants\u00a0\u00bb tab_id=\u00a0\u00bb1723801499402-bf8567db-3b68&Prime;][vc_column_text]8 \u00e0 18[\/vc_column_text][\/vc_tta_section][vc_tta_section title=\u00a0\u00bbContacts et inscriptions\u00a0\u00bb tab_id=\u00a0\u00bb1663062689764-ef072d56-9612&Prime;][vc_column_text]INFORMATION COLLECTIVE<\/p>\n<ul>\n<li>Le jeudi 19 mars 2026 \u00e0 17h<\/li>\n<li>Le mardi 14 avril 2026 \u00e0 18h<\/li>\n<li>Le mardi 21 mai 2026 \u00e0 17h<\/li>\n<li>Le mardi 16 juin 2026 \u00e0 18h<\/li>\n<\/ul>\n<p>Inscription par <a href=\"mailto:l.sicallac@laligue85.org\">mail<\/a><\/p>\n<p>Dossier d\u2019inscription accessible prochainement<\/p>\n<p>Il est \u00e9galement possible de proc\u00e9der \u00e0 votre inscription directement dans nos locaux ou par t\u00e9l\u00e9phone au 02 51 36 45 97.[\/vc_column_text][\/vc_tta_section][vc_tta_section title=\u00a0\u00bbModalit\u00e9s d&rsquo;acc\u00e8s\u00a0\u00bb tab_id=\u00a0\u00bb1663424787965-61d258a7-abca\u00a0\u00bb][vc_column_text]41 rue Monge 85000 La Roche-sur-Yon[\/vc_column_text][\/vc_tta_section][\/vc_tta_tabs][\/vc_column][\/vc_row][vc_row equal_height=\u00a0\u00bbyes\u00a0\u00bb content_placement=\u00a0\u00bbmiddle\u00a0\u00bb css=\u00a0\u00bb.vc_custom_1493997533098{padding-top: 85px !important;padding-bottom: 85px !important;}\u00a0\u00bb][vc_column][vc_column_text]<\/p>\n<p>Contactez-nous<\/p>\n<p>[\/vc_column_text]\n<div class=\"wpcf7 no-js\" id=\"wpcf7-f14187-o1\" lang=\"fr-FR\" dir=\"ltr\">\n<div class=\"screen-reader-response\"><p role=\"status\" aria-live=\"polite\" aria-atomic=\"true\"><\/p> <ul><\/ul><\/div>\n<form action=\"\/fra\/wp-json\/wp\/v2\/posts\/1249#wpcf7-f14187-o1\" method=\"post\" class=\"wpcf7-form init\" aria-label=\"Formulaire de contact\" novalidate=\"novalidate\" data-status=\"init\">\n<div style=\"display: none;\">\n<input type=\"hidden\" name=\"_wpcf7\" value=\"14187\" \/>\n<input type=\"hidden\" name=\"_wpcf7_version\" value=\"5.7.3\" \/>\n<input type=\"hidden\" name=\"_wpcf7_locale\" value=\"fr_FR\" \/>\n<input type=\"hidden\" name=\"_wpcf7_unit_tag\" value=\"wpcf7-f14187-o1\" \/>\n<input type=\"hidden\" name=\"_wpcf7_container_post\" value=\"0\" \/>\n<input type=\"hidden\" name=\"_wpcf7_posted_data_hash\" value=\"\" \/>\n<input type=\"hidden\" name=\"_wpcf7_recaptcha_response\" value=\"\" \/>\n<\/div>\n<p><label> Votre nom (obligatoire)<br \/>\n<span class=\"wpcf7-form-control-wrap\" data-name=\"your-name\"><input size=\"40\" class=\"wpcf7-form-control wpcf7-text wpcf7-validates-as-required\" aria-required=\"true\" aria-invalid=\"false\" value=\"\" type=\"text\" name=\"your-name\" \/><\/span> <\/label>\n<\/p>\n<p><label> Votre adresse de messagerie (obligatoire)<br \/>\n<span class=\"wpcf7-form-control-wrap\" data-name=\"your-email\"><input size=\"40\" class=\"wpcf7-form-control wpcf7-text wpcf7-email wpcf7-validates-as-required wpcf7-validates-as-email\" aria-required=\"true\" aria-invalid=\"false\" value=\"\" type=\"email\" name=\"your-email\" \/><\/span> <\/label>\n<\/p>\n<p><span class=\"wpcf7-form-control-wrap\" data-name=\"service\"><select class=\"wpcf7-form-control wpcf7-select wpcf7-validates-as-required\" aria-required=\"true\" aria-invalid=\"false\" name=\"service\"><option value=\"Formation\">Formation<\/option><\/select><\/span>\n<\/p>\n<p><label> Votre message<br \/>\n<span class=\"wpcf7-form-control-wrap\" data-name=\"your-message\"><textarea cols=\"40\" rows=\"10\" class=\"wpcf7-form-control wpcf7-textarea\" aria-invalid=\"false\" name=\"your-message\"><\/textarea><\/span> <\/label><br \/>\n<span class=\"wpcf7-form-control-wrap\" data-name=\"acceptance-299\"><span class=\"wpcf7-form-control wpcf7-acceptance optional\"><span class=\"wpcf7-list-item\"><label><input type=\"checkbox\" name=\"acceptance-299\" value=\"1\" aria-invalid=\"false\" \/><span class=\"wpcf7-list-item-label\">En soumettant ce formulaire, j\u2019autorise que les informations saisies dans ce formulaire soient utilis\u00e9es pour permettre de me recontacter et j\u2019accepte la <a href=\u00abhttp:\/\/www.laligue85.org\/fra\/blog\/2020\/01\/22\/politique-de-confidentialite\/ \u00bb target= \u00ab _blank \u00bb>politique de confidentialit\u00e9 du site<\/span><\/label><\/span><\/span><\/span><br \/>\n<input class=\"wpcf7-form-control has-spinner wpcf7-submit\" type=\"submit\" value=\"Envoyer\" \/>\n<\/p><p style=\"display: none !important;\"><label>&#916;<textarea name=\"_wpcf7_ak_hp_textarea\" cols=\"45\" rows=\"8\" maxlength=\"100\"><\/textarea><\/label><input type=\"hidden\" id=\"ak_js_1\" name=\"_wpcf7_ak_js\" value=\"135\"\/><script>document.getElementById( \"ak_js_1\" ).setAttribute( \"value\", ( new Date() ).getTime() );<\/script><\/p><div class=\"wpcf7-response-output\" aria-hidden=\"true\"><\/div>\n<\/form>\n<\/div>\n[\/vc_column][\/vc_row]<\/p>\n","protected":false},"excerpt":{"rendered":"<p>[vc_row css=\u00a0\u00bb.vc_custom_1494849953524{padding-top: 90px !important;padding-bottom: 50px !important;}\u00a0\u00bb][vc_column][vc_row_inner equal_height=\u00a0\u00bbyes\u00a0\u00bb content_placement=\u00a0\u00bbmiddle\u00a0\u00bb css=\u00a0\u00bb.vc_custom_1494851068829{margin-bottom: 40px !important;}\u00a0\u00bb][vc_column_inner width=\u00a0\u00bb7\/12&Prime; css=\u00a0\u00bb.vc_custom_1494849698699{padding-right: 5% !important;}\u00a0\u00bb][\/vc_column_inner][vc_column_inner width=\u00a0\u00bb5\/12&Prime; css=\u00a0\u00bb.vc_custom_1494849694618{padding-left: 5% !important;}\u00a0\u00bb][vc_column_text css=\u00a0\u00bb.vc_custom_1776853685855{margin-bottom: 16px !important;}\u00a0\u00bb]BPJEPS Sp\u00e9cialit\u00e9 \u00c9ducateur sportif Mention Multi-Activit\u00e9s Physiques ou Sportives pour tous[\/vc_column_text][vc_column_text]Formation professionnelle et dipl\u00f4mante de niveau 4 Titulaire du BPJEPS MAPS, vous \u00eates animateur.ice d\u2019activit\u00e9s physiques et sportives charg\u00e9.e [&hellip;]<\/p>\n","protected":false},"author":2,"featured_media":0,"comment_status":"closed","ping_status":"open","sticky":false,"template":"","format":"standard","meta":{"jetpack_post_was_ever_published":true,"footnotes":"","jetpack_publicize_message":"","jetpack_is_tweetstorm":false,"jetpack_publicize_feature_enabled":true,"jetpack_social_post_already_shared":true,"jetpack_social_options":[]},"categories":[176],"tags":[288,269,287,279,271,277,280],"class_list":["post-1249","post","type-post","status-publish","format-standard","hentry","category-bpjeps","tag-animation","tag-citoyennete","tag-collectivites","tag-engagement","tag-formation","tag-jeunesse","tag-sport"],"jetpack_publicize_connections":[],"yoast_head":"<!-- This site is optimized with the Yoast SEO plugin v20.0 - https:\/\/yoast.com\/wordpress\/plugins\/seo\/ -->\n<title>BPJEPS Sp\u00e9cialit\u00e9 \u00c9ducateur sportif Mention Multi-Activit\u00e9s Physiques ou Sportives pour tous - La Ligue de l&#039;Enseignement de Vend\u00e9e<\/title>\n<meta name=\"description\" content=\"Prochaine formation BPJEPS activit\u00e9s physiques pour tous (APT) \u00e0 La Roche-sur-Yon de septembre 2025 \u00e0 septembre 2026.\" \/>\n<meta name=\"robots\" content=\"index, follow, max-snippet:-1, max-image-preview:large, max-video-preview:-1\" \/>\n<link rel=\"canonical\" href=\"https:\/\/www.laligue85.org\/fra\/blog\/2013\/08\/14\/bpjeps-activites-physiques-pour-tous\/\" \/>\n<meta property=\"og:locale\" content=\"fr_FR\" \/>\n<meta property=\"og:type\" content=\"article\" \/>\n<meta property=\"og:title\" content=\"BPJEPS Sp\u00e9cialit\u00e9 \u00c9ducateur sportif Mention Multi-Activit\u00e9s Physiques ou Sportives pour tous - La Ligue de l&#039;Enseignement de Vend\u00e9e\" \/>\n<meta property=\"og:description\" content=\"Prochaine formation BPJEPS activit\u00e9s physiques pour tous (APT) \u00e0 La Roche-sur-Yon de septembre 2025 \u00e0 septembre 2026.\" \/>\n<meta property=\"og:url\" content=\"https:\/\/www.laligue85.org\/fra\/blog\/2013\/08\/14\/bpjeps-activites-physiques-pour-tous\/\" \/>\n<meta property=\"og:site_name\" content=\"La Ligue de l&#039;Enseignement de Vend\u00e9e\" \/>\n<meta property=\"article:published_time\" content=\"2013-08-14T08:05:44+00:00\" \/>\n<meta property=\"article:modified_time\" content=\"2026-04-22T10:28:21+00:00\" \/>\n<meta name=\"author\" content=\"epiveteau\" \/>\n<meta name=\"twitter:card\" content=\"summary_large_image\" \/>\n<meta name=\"twitter:label1\" content=\"\u00c9crit par\" \/>\n\t<meta name=\"twitter:data1\" content=\"epiveteau\" \/>\n\t<meta name=\"twitter:label2\" content=\"Dur\u00e9e de lecture estim\u00e9e\" \/>\n\t<meta name=\"twitter:data2\" content=\"5 minutes\" \/>\n<script type=\"application\/ld+json\" class=\"yoast-schema-graph\">{\"@context\":\"https:\/\/schema.org\",\"@graph\":[{\"@type\":\"WebPage\",\"@id\":\"https:\/\/www.laligue85.org\/fra\/blog\/2013\/08\/14\/bpjeps-activites-physiques-pour-tous\/\",\"url\":\"https:\/\/www.laligue85.org\/fra\/blog\/2013\/08\/14\/bpjeps-activites-physiques-pour-tous\/\",\"name\":\"BPJEPS Sp\u00e9cialit\u00e9 \u00c9ducateur sportif Mention Multi-Activit\u00e9s Physiques ou Sportives pour tous - La Ligue de l&#039;Enseignement de Vend\u00e9e\",\"isPartOf\":{\"@id\":\"http:\/\/www.laligue85.org\/fra\/#website\"},\"datePublished\":\"2013-08-14T08:05:44+00:00\",\"dateModified\":\"2026-04-22T10:28:21+00:00\",\"author\":{\"@id\":\"http:\/\/www.laligue85.org\/fra\/#\/schema\/person\/45271b6e75b5943f21d354872a5c1a2e\"},\"description\":\"Prochaine formation BPJEPS activit\u00e9s physiques pour tous (APT) \u00e0 La Roche-sur-Yon de septembre 2025 \u00e0 septembre 2026.\",\"breadcrumb\":{\"@id\":\"https:\/\/www.laligue85.org\/fra\/blog\/2013\/08\/14\/bpjeps-activites-physiques-pour-tous\/#breadcrumb\"},\"inLanguage\":\"fr-FR\",\"potentialAction\":[{\"@type\":\"ReadAction\",\"target\":[\"https:\/\/www.laligue85.org\/fra\/blog\/2013\/08\/14\/bpjeps-activites-physiques-pour-tous\/\"]}]},{\"@type\":\"BreadcrumbList\",\"@id\":\"https:\/\/www.laligue85.org\/fra\/blog\/2013\/08\/14\/bpjeps-activites-physiques-pour-tous\/#breadcrumb\",\"itemListElement\":[{\"@type\":\"ListItem\",\"position\":1,\"name\":\"Accueil\",\"item\":\"http:\/\/www.laligue85.org\/fra\/\"},{\"@type\":\"ListItem\",\"position\":2,\"name\":\"BPJEPS Sp\u00e9cialit\u00e9 \u00c9ducateur sportif Mention Multi-Activit\u00e9s Physiques ou Sportives pour tous\"}]},{\"@type\":\"WebSite\",\"@id\":\"http:\/\/www.laligue85.org\/fra\/#website\",\"url\":\"http:\/\/www.laligue85.org\/fra\/\",\"name\":\"La Ligue de l&#039;Enseignement de Vend\u00e9e\",\"description\":\"F\u00e9d\u00e9ration d&#039;\u00e9ducation populaire\",\"potentialAction\":[{\"@type\":\"SearchAction\",\"target\":{\"@type\":\"EntryPoint\",\"urlTemplate\":\"http:\/\/www.laligue85.org\/fra\/?s={search_term_string}\"},\"query-input\":\"required name=search_term_string\"}],\"inLanguage\":\"fr-FR\"},{\"@type\":\"Person\",\"@id\":\"http:\/\/www.laligue85.org\/fra\/#\/schema\/person\/45271b6e75b5943f21d354872a5c1a2e\",\"name\":\"epiveteau\",\"image\":{\"@type\":\"ImageObject\",\"inLanguage\":\"fr-FR\",\"@id\":\"http:\/\/www.laligue85.org\/fra\/#\/schema\/person\/image\/\",\"url\":\"https:\/\/secure.gravatar.com\/avatar\/7fedac7ddc713994f9815c37f877ecb7?s=96&d=mm&r=g\",\"contentUrl\":\"https:\/\/secure.gravatar.com\/avatar\/7fedac7ddc713994f9815c37f877ecb7?s=96&d=mm&r=g\",\"caption\":\"epiveteau\"},\"url\":\"https:\/\/www.laligue85.org\/fra\/blog\/author\/epiveteau\/\"}]}<\/script>\n<!-- \/ Yoast SEO plugin. -->","yoast_head_json":{"title":"BPJEPS Sp\u00e9cialit\u00e9 \u00c9ducateur sportif Mention Multi-Activit\u00e9s Physiques ou Sportives pour tous - La Ligue de l&#039;Enseignement de Vend\u00e9e","description":"Prochaine formation BPJEPS activit\u00e9s physiques pour tous (APT) \u00e0 La Roche-sur-Yon de septembre 2025 \u00e0 septembre 2026.","robots":{"index":"index","follow":"follow","max-snippet":"max-snippet:-1","max-image-preview":"max-image-preview:large","max-video-preview":"max-video-preview:-1"},"canonical":"https:\/\/www.laligue85.org\/fra\/blog\/2013\/08\/14\/bpjeps-activites-physiques-pour-tous\/","og_locale":"fr_FR","og_type":"article","og_title":"BPJEPS Sp\u00e9cialit\u00e9 \u00c9ducateur sportif Mention Multi-Activit\u00e9s Physiques ou Sportives pour tous - La Ligue de l&#039;Enseignement de Vend\u00e9e","og_description":"Prochaine formation BPJEPS activit\u00e9s physiques pour tous (APT) \u00e0 La Roche-sur-Yon de septembre 2025 \u00e0 septembre 2026.","og_url":"https:\/\/www.laligue85.org\/fra\/blog\/2013\/08\/14\/bpjeps-activites-physiques-pour-tous\/","og_site_name":"La Ligue de l&#039;Enseignement de Vend\u00e9e","article_published_time":"2013-08-14T08:05:44+00:00","article_modified_time":"2026-04-22T10:28:21+00:00","author":"epiveteau","twitter_card":"summary_large_image","twitter_misc":{"\u00c9crit par":"epiveteau","Dur\u00e9e de lecture estim\u00e9e":"5 minutes"},"schema":{"@context":"https:\/\/schema.org","@graph":[{"@type":"WebPage","@id":"https:\/\/www.laligue85.org\/fra\/blog\/2013\/08\/14\/bpjeps-activites-physiques-pour-tous\/","url":"https:\/\/www.laligue85.org\/fra\/blog\/2013\/08\/14\/bpjeps-activites-physiques-pour-tous\/","name":"BPJEPS Sp\u00e9cialit\u00e9 \u00c9ducateur sportif Mention Multi-Activit\u00e9s Physiques ou Sportives pour tous - La Ligue de l&#039;Enseignement de Vend\u00e9e","isPartOf":{"@id":"http:\/\/www.laligue85.org\/fra\/#website"},"datePublished":"2013-08-14T08:05:44+00:00","dateModified":"2026-04-22T10:28:21+00:00","author":{"@id":"http:\/\/www.laligue85.org\/fra\/#\/schema\/person\/45271b6e75b5943f21d354872a5c1a2e"},"description":"Prochaine formation BPJEPS activit\u00e9s physiques pour tous (APT) \u00e0 La Roche-sur-Yon de septembre 2025 \u00e0 septembre 2026.","breadcrumb":{"@id":"https:\/\/www.laligue85.org\/fra\/blog\/2013\/08\/14\/bpjeps-activites-physiques-pour-tous\/#breadcrumb"},"inLanguage":"fr-FR","potentialAction":[{"@type":"ReadAction","target":["https:\/\/www.laligue85.org\/fra\/blog\/2013\/08\/14\/bpjeps-activites-physiques-pour-tous\/"]}]},{"@type":"BreadcrumbList","@id":"https:\/\/www.laligue85.org\/fra\/blog\/2013\/08\/14\/bpjeps-activites-physiques-pour-tous\/#breadcrumb","itemListElement":[{"@type":"ListItem","position":1,"name":"Accueil","item":"http:\/\/www.laligue85.org\/fra\/"},{"@type":"ListItem","position":2,"name":"BPJEPS Sp\u00e9cialit\u00e9 \u00c9ducateur sportif Mention Multi-Activit\u00e9s Physiques ou Sportives pour tous"}]},{"@type":"WebSite","@id":"http:\/\/www.laligue85.org\/fra\/#website","url":"http:\/\/www.laligue85.org\/fra\/","name":"La Ligue de l&#039;Enseignement de Vend\u00e9e","description":"F\u00e9d\u00e9ration d&#039;\u00e9ducation populaire","potentialAction":[{"@type":"SearchAction","target":{"@type":"EntryPoint","urlTemplate":"http:\/\/www.laligue85.org\/fra\/?s={search_term_string}"},"query-input":"required name=search_term_string"}],"inLanguage":"fr-FR"},{"@type":"Person","@id":"http:\/\/www.laligue85.org\/fra\/#\/schema\/person\/45271b6e75b5943f21d354872a5c1a2e","name":"epiveteau","image":{"@type":"ImageObject","inLanguage":"fr-FR","@id":"http:\/\/www.laligue85.org\/fra\/#\/schema\/person\/image\/","url":"https:\/\/secure.gravatar.com\/avatar\/7fedac7ddc713994f9815c37f877ecb7?s=96&d=mm&r=g","contentUrl":"https:\/\/secure.gravatar.com\/avatar\/7fedac7ddc713994f9815c37f877ecb7?s=96&d=mm&r=g","caption":"epiveteau"},"url":"https:\/\/www.laligue85.org\/fra\/blog\/author\/epiveteau\/"}]}},"jetpack_featured_media_url":"","jetpack_shortlink":"https:\/\/wp.me\/p9Chnq-k9","_links":{"self":[{"href":"https:\/\/www.laligue85.org\/fra\/wp-json\/wp\/v2\/posts\/1249","targetHints":{"allow":["GET"]}}],"collection":[{"href":"https:\/\/www.laligue85.org\/fra\/wp-json\/wp\/v2\/posts"}],"about":[{"href":"https:\/\/www.laligue85.org\/fra\/wp-json\/wp\/v2\/types\/post"}],"author":[{"embeddable":true,"href":"https:\/\/www.laligue85.org\/fra\/wp-json\/wp\/v2\/users\/2"}],"replies":[{"embeddable":true,"href":"https:\/\/www.laligue85.org\/fra\/wp-json\/wp\/v2\/comments?post=1249"}],"version-history":[{"count":10,"href":"https:\/\/www.laligue85.org\/fra\/wp-json\/wp\/v2\/posts\/1249\/revisions"}],"predecessor-version":[{"id":15023,"href":"https:\/\/www.laligue85.org\/fra\/wp-json\/wp\/v2\/posts\/1249\/revisions\/15023"}],"wp:attachment":[{"href":"https:\/\/www.laligue85.org\/fra\/wp-json\/wp\/v2\/media?parent=1249"}],"wp:term":[{"taxonomy":"category","embeddable":true,"href":"https:\/\/www.laligue85.org\/fra\/wp-json\/wp\/v2\/categories?post=1249"},{"taxonomy":"post_tag","embeddable":true,"href":"https:\/\/www.laligue85.org\/fra\/wp-json\/wp\/v2\/tags?post=1249"}],"curies":[{"name":"wp","href":"https:\/\/api.w.org\/{rel}","templated":true}]}}