{"id":13871,"date":"2023-09-13T14:34:41","date_gmt":"2023-09-13T12:34:41","guid":{"rendered":"http:\/\/www.laligue85.org\/fra\/?p=13871"},"modified":"2023-09-13T14:37:49","modified_gmt":"2023-09-13T12:37:49","slug":"atelier-deducation-populaire-ce-nest-pas-la-fin-du-monde-mais-il-faut-tout-reinventer","status":"publish","type":"post","link":"https:\/\/www.laligue85.org\/fra\/blog\/2023\/09\/13\/atelier-deducation-populaire-ce-nest-pas-la-fin-du-monde-mais-il-faut-tout-reinventer\/","title":{"rendered":"Atelier d&rsquo;\u00e9ducation populaire \u00abCe n\u2019est pas la fin du monde&#8230; mais il faut tout r\u00e9inventer\u00bb"},"content":{"rendered":"<p>[vc_row equal_height=\u00a0\u00bbyes\u00a0\u00bb content_placement=\u00a0\u00bbmiddle\u00a0\u00bb css=\u00a0\u00bb.vc_custom_1493822260304{padding-top: 90px !important;padding-bottom: 90px !important;}\u00a0\u00bb][vc_column width=\u00a0\u00bb1\/2&Prime; col_padding=\u00a0\u00bb2&Prime; col_padding_side=\u00a0\u00bbright\u00a0\u00bb][vc_single_image image=\u00a0\u00bb13872&Prime; css_animation=\u00a0\u00bbnone\u00a0\u00bb css=\u00a0\u00bb.vc_custom_1694608646456{margin-bottom: 0px !important;}\u00a0\u00bb][\/vc_column][vc_column width=\u00a0\u00bb1\/2&Prime; col_padding=\u00a0\u00bb2&Prime; col_padding_side=\u00a0\u00bbleft\u00a0\u00bb][vc_column_text]<\/p>\n<h3>Atelier d&rsquo;\u00e9ducation populaire \u00ab\u00a0Ce n&rsquo;est pas la fin du monde mais il faut tout r\u00e9inventer\u00a0\u00bb<\/h3>\n<p>Suite \u00e0 la conf\u00e9rence \u00abCe n\u2019est pas la fin du monde&#8230; mais il faut tout r\u00e9inventer\u00bb, Gwennyn Tanguy offre un temps d\u2019\u00e9change pour se questionner et se positionner sur notre engagement face au risque d\u2019effondrement syst\u00e9mique. Des r\u00e9flexions autour de l\u2019action pour emp\u00eacher l\u2019effondrement, le d\u00e9veloppement de la r\u00e9silience sur son territoire ou l\u2019invention d\u2019une nouvelle soci\u00e9t\u00e9 rythmeront la matin\u00e9e tout en questionnant l\u2019autonomie alimentaire, \u00e9nerg\u00e9tique ou l\u2019intelligence collective.<\/p>\n<p>Gratuit &#8211; 40 personnes maximum &#8211; D\u00e8s 14 ans<\/p>\n<p><a href=\"https:\/\/gwennyn-tanguy.jimdofree.com\/\">Le site internet de Gwennyn Tanguy<\/a>[\/vc_column_text]<div class=\"btn-holder btn-align-left\"><a href=\"https:\/\/framaforms.org\/atelier-deducation-populaire-1690884007\" title=\"\" class=\"btn btn-regular btn-solid  btn-accent btn-hover-dark btn-with-icon btn-icon-right_side_hover\" target=\"\"><span>S'inscrire<\/span><i class=\"fa fa-long-arrow-right\"><\/i><\/a><\/div>[\/vc_column][\/vc_row]<\/p>\n","protected":false},"excerpt":{"rendered":"<p>[vc_row equal_height=\u00a0\u00bbyes\u00a0\u00bb content_placement=\u00a0\u00bbmiddle\u00a0\u00bb css=\u00a0\u00bb.vc_custom_1493822260304{padding-top: 90px !important;padding-bottom: 90px !important;}\u00a0\u00bb][vc_column width=\u00a0\u00bb1\/2&Prime; col_padding=\u00a0\u00bb2&Prime; col_padding_side=\u00a0\u00bbright\u00a0\u00bb][vc_single_image image=\u00a0\u00bb13872&Prime; css_animation=\u00a0\u00bbnone\u00a0\u00bb css=\u00a0\u00bb.vc_custom_1694608646456{margin-bottom: 0px !important;}\u00a0\u00bb][\/vc_column][vc_column width=\u00a0\u00bb1\/2&Prime; col_padding=\u00a0\u00bb2&Prime; col_padding_side=\u00a0\u00bbleft\u00a0\u00bb][vc_column_text] Atelier d&rsquo;\u00e9ducation populaire \u00ab\u00a0Ce n&rsquo;est pas la fin du monde mais il faut tout r\u00e9inventer\u00a0\u00bb Suite \u00e0 la conf\u00e9rence \u00abCe n\u2019est pas la fin du monde&#8230; mais il faut tout r\u00e9inventer\u00bb, [&hellip;]<\/p>\n","protected":false},"author":2,"featured_media":0,"comment_status":"closed","ping_status":"open","sticky":false,"template":"","format":"standard","meta":{"jetpack_post_was_ever_published":false,"footnotes":"","jetpack_publicize_message":"","jetpack_is_tweetstorm":false,"jetpack_publicize_feature_enabled":true,"jetpack_social_post_already_shared":true,"jetpack_social_options":[]},"categories":[1],"tags":[],"class_list":["post-13871","post","type-post","status-publish","format-standard","hentry","category-non-classe"],"jetpack_publicize_connections":[],"yoast_head":"<!-- This site is optimized with the Yoast SEO plugin v20.0 - https:\/\/yoast.com\/wordpress\/plugins\/seo\/ -->\n<title>Atelier d&#039;\u00e9ducation populaire \u00abCe n\u2019est pas la fin du monde... mais il faut tout r\u00e9inventer\u00bb - La Ligue de l&#039;Enseignement de Vend\u00e9e<\/title>\n<meta name=\"robots\" content=\"index, follow, max-snippet:-1, max-image-preview:large, max-video-preview:-1\" \/>\n<link rel=\"canonical\" href=\"https:\/\/www.laligue85.org\/fra\/blog\/2023\/09\/13\/atelier-deducation-populaire-ce-nest-pas-la-fin-du-monde-mais-il-faut-tout-reinventer\/\" \/>\n<meta property=\"og:locale\" content=\"fr_FR\" \/>\n<meta property=\"og:type\" content=\"article\" \/>\n<meta property=\"og:title\" content=\"Atelier d&#039;\u00e9ducation populaire \u00abCe n\u2019est pas la fin du monde... mais il faut tout r\u00e9inventer\u00bb - La Ligue de l&#039;Enseignement de Vend\u00e9e\" \/>\n<meta property=\"og:description\" content=\"[vc_row equal_height=\u00a0\u00bbyes\u00a0\u00bb content_placement=\u00a0\u00bbmiddle\u00a0\u00bb css=\u00a0\u00bb.vc_custom_1493822260304{padding-top: 90px !important;padding-bottom: 90px !important;}\u00a0\u00bb][vc_column width=\u00a0\u00bb1\/2&Prime; col_padding=\u00a0\u00bb2&Prime; col_padding_side=\u00a0\u00bbright\u00a0\u00bb][vc_single_image image=\u00a0\u00bb13872&Prime; css_animation=\u00a0\u00bbnone\u00a0\u00bb css=\u00a0\u00bb.vc_custom_1694608646456{margin-bottom: 0px !important;}\u00a0\u00bb][\/vc_column][vc_column width=\u00a0\u00bb1\/2&Prime; col_padding=\u00a0\u00bb2&Prime; col_padding_side=\u00a0\u00bbleft\u00a0\u00bb][vc_column_text] Atelier d&rsquo;\u00e9ducation populaire \u00ab\u00a0Ce n&rsquo;est pas la fin du monde mais il faut tout r\u00e9inventer\u00a0\u00bb Suite \u00e0 la conf\u00e9rence \u00abCe n\u2019est pas la fin du monde&#8230; mais il faut tout r\u00e9inventer\u00bb, [&hellip;]\" \/>\n<meta property=\"og:url\" content=\"https:\/\/www.laligue85.org\/fra\/blog\/2023\/09\/13\/atelier-deducation-populaire-ce-nest-pas-la-fin-du-monde-mais-il-faut-tout-reinventer\/\" \/>\n<meta property=\"og:site_name\" content=\"La Ligue de l&#039;Enseignement de Vend\u00e9e\" \/>\n<meta property=\"article:published_time\" content=\"2023-09-13T12:34:41+00:00\" \/>\n<meta property=\"article:modified_time\" content=\"2023-09-13T12:37:49+00:00\" \/>\n<meta name=\"author\" content=\"epiveteau\" \/>\n<meta name=\"twitter:card\" content=\"summary_large_image\" \/>\n<meta name=\"twitter:label1\" content=\"\u00c9crit par\" \/>\n\t<meta name=\"twitter:data1\" content=\"epiveteau\" \/>\n\t<meta name=\"twitter:label2\" content=\"Dur\u00e9e de lecture estim\u00e9e\" \/>\n\t<meta name=\"twitter:data2\" content=\"1 minute\" \/>\n<script type=\"application\/ld+json\" class=\"yoast-schema-graph\">{\"@context\":\"https:\/\/schema.org\",\"@graph\":[{\"@type\":\"WebPage\",\"@id\":\"https:\/\/www.laligue85.org\/fra\/blog\/2023\/09\/13\/atelier-deducation-populaire-ce-nest-pas-la-fin-du-monde-mais-il-faut-tout-reinventer\/\",\"url\":\"https:\/\/www.laligue85.org\/fra\/blog\/2023\/09\/13\/atelier-deducation-populaire-ce-nest-pas-la-fin-du-monde-mais-il-faut-tout-reinventer\/\",\"name\":\"Atelier d'\u00e9ducation populaire \u00abCe n\u2019est pas la fin du monde... mais il faut tout r\u00e9inventer\u00bb - La Ligue de l&#039;Enseignement de Vend\u00e9e\",\"isPartOf\":{\"@id\":\"http:\/\/www.laligue85.org\/fra\/#website\"},\"datePublished\":\"2023-09-13T12:34:41+00:00\",\"dateModified\":\"2023-09-13T12:37:49+00:00\",\"author\":{\"@id\":\"http:\/\/www.laligue85.org\/fra\/#\/schema\/person\/45271b6e75b5943f21d354872a5c1a2e\"},\"breadcrumb\":{\"@id\":\"https:\/\/www.laligue85.org\/fra\/blog\/2023\/09\/13\/atelier-deducation-populaire-ce-nest-pas-la-fin-du-monde-mais-il-faut-tout-reinventer\/#breadcrumb\"},\"inLanguage\":\"fr-FR\",\"potentialAction\":[{\"@type\":\"ReadAction\",\"target\":[\"https:\/\/www.laligue85.org\/fra\/blog\/2023\/09\/13\/atelier-deducation-populaire-ce-nest-pas-la-fin-du-monde-mais-il-faut-tout-reinventer\/\"]}]},{\"@type\":\"BreadcrumbList\",\"@id\":\"https:\/\/www.laligue85.org\/fra\/blog\/2023\/09\/13\/atelier-deducation-populaire-ce-nest-pas-la-fin-du-monde-mais-il-faut-tout-reinventer\/#breadcrumb\",\"itemListElement\":[{\"@type\":\"ListItem\",\"position\":1,\"name\":\"Accueil\",\"item\":\"http:\/\/www.laligue85.org\/fra\/\"},{\"@type\":\"ListItem\",\"position\":2,\"name\":\"Atelier d&rsquo;\u00e9ducation populaire \u00abCe n\u2019est pas la fin du monde&#8230; mais il faut tout r\u00e9inventer\u00bb\"}]},{\"@type\":\"WebSite\",\"@id\":\"http:\/\/www.laligue85.org\/fra\/#website\",\"url\":\"http:\/\/www.laligue85.org\/fra\/\",\"name\":\"La Ligue de l&#039;Enseignement de Vend\u00e9e\",\"description\":\"F\u00e9d\u00e9ration d&#039;\u00e9ducation populaire\",\"potentialAction\":[{\"@type\":\"SearchAction\",\"target\":{\"@type\":\"EntryPoint\",\"urlTemplate\":\"http:\/\/www.laligue85.org\/fra\/?s={search_term_string}\"},\"query-input\":\"required name=search_term_string\"}],\"inLanguage\":\"fr-FR\"},{\"@type\":\"Person\",\"@id\":\"http:\/\/www.laligue85.org\/fra\/#\/schema\/person\/45271b6e75b5943f21d354872a5c1a2e\",\"name\":\"epiveteau\",\"image\":{\"@type\":\"ImageObject\",\"inLanguage\":\"fr-FR\",\"@id\":\"http:\/\/www.laligue85.org\/fra\/#\/schema\/person\/image\/\",\"url\":\"https:\/\/secure.gravatar.com\/avatar\/7fedac7ddc713994f9815c37f877ecb7?s=96&d=mm&r=g\",\"contentUrl\":\"https:\/\/secure.gravatar.com\/avatar\/7fedac7ddc713994f9815c37f877ecb7?s=96&d=mm&r=g\",\"caption\":\"epiveteau\"},\"url\":\"https:\/\/www.laligue85.org\/fra\/blog\/author\/epiveteau\/\"}]}<\/script>\n<!-- \/ Yoast SEO plugin. -->","yoast_head_json":{"title":"Atelier d'\u00e9ducation populaire \u00abCe n\u2019est pas la fin du monde... mais il faut tout r\u00e9inventer\u00bb - La Ligue de l&#039;Enseignement de Vend\u00e9e","robots":{"index":"index","follow":"follow","max-snippet":"max-snippet:-1","max-image-preview":"max-image-preview:large","max-video-preview":"max-video-preview:-1"},"canonical":"https:\/\/www.laligue85.org\/fra\/blog\/2023\/09\/13\/atelier-deducation-populaire-ce-nest-pas-la-fin-du-monde-mais-il-faut-tout-reinventer\/","og_locale":"fr_FR","og_type":"article","og_title":"Atelier d'\u00e9ducation populaire \u00abCe n\u2019est pas la fin du monde... mais il faut tout r\u00e9inventer\u00bb - La Ligue de l&#039;Enseignement de Vend\u00e9e","og_description":"[vc_row equal_height=\u00a0\u00bbyes\u00a0\u00bb content_placement=\u00a0\u00bbmiddle\u00a0\u00bb css=\u00a0\u00bb.vc_custom_1493822260304{padding-top: 90px !important;padding-bottom: 90px !important;}\u00a0\u00bb][vc_column width=\u00a0\u00bb1\/2&Prime; col_padding=\u00a0\u00bb2&Prime; col_padding_side=\u00a0\u00bbright\u00a0\u00bb][vc_single_image image=\u00a0\u00bb13872&Prime; css_animation=\u00a0\u00bbnone\u00a0\u00bb css=\u00a0\u00bb.vc_custom_1694608646456{margin-bottom: 0px !important;}\u00a0\u00bb][\/vc_column][vc_column width=\u00a0\u00bb1\/2&Prime; col_padding=\u00a0\u00bb2&Prime; col_padding_side=\u00a0\u00bbleft\u00a0\u00bb][vc_column_text] Atelier d&rsquo;\u00e9ducation populaire \u00ab\u00a0Ce n&rsquo;est pas la fin du monde mais il faut tout r\u00e9inventer\u00a0\u00bb Suite \u00e0 la conf\u00e9rence \u00abCe n\u2019est pas la fin du monde&#8230; mais il faut tout r\u00e9inventer\u00bb, [&hellip;]","og_url":"https:\/\/www.laligue85.org\/fra\/blog\/2023\/09\/13\/atelier-deducation-populaire-ce-nest-pas-la-fin-du-monde-mais-il-faut-tout-reinventer\/","og_site_name":"La Ligue de l&#039;Enseignement de Vend\u00e9e","article_published_time":"2023-09-13T12:34:41+00:00","article_modified_time":"2023-09-13T12:37:49+00:00","author":"epiveteau","twitter_card":"summary_large_image","twitter_misc":{"\u00c9crit par":"epiveteau","Dur\u00e9e de lecture estim\u00e9e":"1 minute"},"schema":{"@context":"https:\/\/schema.org","@graph":[{"@type":"WebPage","@id":"https:\/\/www.laligue85.org\/fra\/blog\/2023\/09\/13\/atelier-deducation-populaire-ce-nest-pas-la-fin-du-monde-mais-il-faut-tout-reinventer\/","url":"https:\/\/www.laligue85.org\/fra\/blog\/2023\/09\/13\/atelier-deducation-populaire-ce-nest-pas-la-fin-du-monde-mais-il-faut-tout-reinventer\/","name":"Atelier d'\u00e9ducation populaire \u00abCe n\u2019est pas la fin du monde... mais il faut tout r\u00e9inventer\u00bb - La Ligue de l&#039;Enseignement de Vend\u00e9e","isPartOf":{"@id":"http:\/\/www.laligue85.org\/fra\/#website"},"datePublished":"2023-09-13T12:34:41+00:00","dateModified":"2023-09-13T12:37:49+00:00","author":{"@id":"http:\/\/www.laligue85.org\/fra\/#\/schema\/person\/45271b6e75b5943f21d354872a5c1a2e"},"breadcrumb":{"@id":"https:\/\/www.laligue85.org\/fra\/blog\/2023\/09\/13\/atelier-deducation-populaire-ce-nest-pas-la-fin-du-monde-mais-il-faut-tout-reinventer\/#breadcrumb"},"inLanguage":"fr-FR","potentialAction":[{"@type":"ReadAction","target":["https:\/\/www.laligue85.org\/fra\/blog\/2023\/09\/13\/atelier-deducation-populaire-ce-nest-pas-la-fin-du-monde-mais-il-faut-tout-reinventer\/"]}]},{"@type":"BreadcrumbList","@id":"https:\/\/www.laligue85.org\/fra\/blog\/2023\/09\/13\/atelier-deducation-populaire-ce-nest-pas-la-fin-du-monde-mais-il-faut-tout-reinventer\/#breadcrumb","itemListElement":[{"@type":"ListItem","position":1,"name":"Accueil","item":"http:\/\/www.laligue85.org\/fra\/"},{"@type":"ListItem","position":2,"name":"Atelier d&rsquo;\u00e9ducation populaire \u00abCe n\u2019est pas la fin du monde&#8230; mais il faut tout r\u00e9inventer\u00bb"}]},{"@type":"WebSite","@id":"http:\/\/www.laligue85.org\/fra\/#website","url":"http:\/\/www.laligue85.org\/fra\/","name":"La Ligue de l&#039;Enseignement de Vend\u00e9e","description":"F\u00e9d\u00e9ration d&#039;\u00e9ducation populaire","potentialAction":[{"@type":"SearchAction","target":{"@type":"EntryPoint","urlTemplate":"http:\/\/www.laligue85.org\/fra\/?s={search_term_string}"},"query-input":"required name=search_term_string"}],"inLanguage":"fr-FR"},{"@type":"Person","@id":"http:\/\/www.laligue85.org\/fra\/#\/schema\/person\/45271b6e75b5943f21d354872a5c1a2e","name":"epiveteau","image":{"@type":"ImageObject","inLanguage":"fr-FR","@id":"http:\/\/www.laligue85.org\/fra\/#\/schema\/person\/image\/","url":"https:\/\/secure.gravatar.com\/avatar\/7fedac7ddc713994f9815c37f877ecb7?s=96&d=mm&r=g","contentUrl":"https:\/\/secure.gravatar.com\/avatar\/7fedac7ddc713994f9815c37f877ecb7?s=96&d=mm&r=g","caption":"epiveteau"},"url":"https:\/\/www.laligue85.org\/fra\/blog\/author\/epiveteau\/"}]}},"jetpack_featured_media_url":"","jetpack_shortlink":"https:\/\/wp.me\/p9Chnq-3BJ","_links":{"self":[{"href":"https:\/\/www.laligue85.org\/fra\/wp-json\/wp\/v2\/posts\/13871","targetHints":{"allow":["GET"]}}],"collection":[{"href":"https:\/\/www.laligue85.org\/fra\/wp-json\/wp\/v2\/posts"}],"about":[{"href":"https:\/\/www.laligue85.org\/fra\/wp-json\/wp\/v2\/types\/post"}],"author":[{"embeddable":true,"href":"https:\/\/www.laligue85.org\/fra\/wp-json\/wp\/v2\/users\/2"}],"replies":[{"embeddable":true,"href":"https:\/\/www.laligue85.org\/fra\/wp-json\/wp\/v2\/comments?post=13871"}],"version-history":[{"count":3,"href":"https:\/\/www.laligue85.org\/fra\/wp-json\/wp\/v2\/posts\/13871\/revisions"}],"predecessor-version":[{"id":13875,"href":"https:\/\/www.laligue85.org\/fra\/wp-json\/wp\/v2\/posts\/13871\/revisions\/13875"}],"wp:attachment":[{"href":"https:\/\/www.laligue85.org\/fra\/wp-json\/wp\/v2\/media?parent=13871"}],"wp:term":[{"taxonomy":"category","embeddable":true,"href":"https:\/\/www.laligue85.org\/fra\/wp-json\/wp\/v2\/categories?post=13871"},{"taxonomy":"post_tag","embeddable":true,"href":"https:\/\/www.laligue85.org\/fra\/wp-json\/wp\/v2\/tags?post=13871"}],"curies":[{"name":"wp","href":"https:\/\/api.w.org\/{rel}","templated":true}]}}