{"id":1599,"date":"2014-06-10T14:28:01","date_gmt":"2014-06-10T12:28:01","guid":{"rendered":"http:\/\/www.laligue85.org\/fra\/blog\/2014\/06\/10\/les-elus-2\/"},"modified":"2025-06-17T11:19:39","modified_gmt":"2025-06-17T09:19:39","slug":"les-elus-2","status":"publish","type":"post","link":"https:\/\/www.laligue85.org\/fra\/blog\/2014\/06\/10\/les-elus-2\/","title":{"rendered":"Les \u00e9lus"},"content":{"rendered":"<h4>Le bureau<\/h4>\n<ul>\n<li>Pr\u00e9sident : Jany GUERET<\/li>\n<li>Vice-pr\u00e9sident :\u00a0 Yves RETRIF, Franck PLAZANET, Dominique MONNERY<\/li>\n<li>Tr\u00e9sorier : Fran\u00e7ois MOLLE<\/li>\n<li>Tr\u00e9sorier adjoint : Didier CHIRON<\/li>\n<li>Secr\u00e9taire : Dani\u00e8le HILLIER<\/li>\n<li>Secr\u00e9taire adjointe : Anne-Marie SORREL<\/li>\n<li>Membre : Andr\u00e9 GOICHON<span style=\"font-family: Calibri;\"><br \/>\n<\/span><\/li>\n<\/ul>\n<h4>Le Conseil d&rsquo;Administration<\/h4>\n<ul>\n<li><span class=\"OYPEnA font-feature-liga-off font-feature-clig-off font-feature-calt-off text-decoration-none text-strikethrough-none\">Alexis AUBIN- administrateur<\/span><\/li>\n<li><span class=\"OYPEnA font-feature-liga-off font-feature-clig-off font-feature-calt-off text-decoration-none text-strikethrough-none\">Gr\u00e9goire BARBOT- administrateur<\/span><\/li>\n<li>Catherine BERINGER, administratrice<\/li>\n<li>Jean-Jacques BOBIN, administrateur<\/li>\n<li>Isabelle CAMAND, administratrice<\/li>\n<li>Martine CHANTECAILLE, administratrice<\/li>\n<li>Remy EVEILLE, administrateur<\/li>\n<li>Marie FORTIN, administratrice<\/li>\n<li>V\u00e9ronique LIMOUSIN, administratrice<\/li>\n<li><span class=\"OYPEnA font-feature-liga-off font-feature-clig-off font-feature-calt-off text-decoration-none text-strikethrough-none\">Mathieu MORIN, administrateur<\/span><\/li>\n<li><span class=\"OYPEnA font-feature-liga-off font-feature-clig-off font-feature-calt-off text-decoration-none text-strikethrough-none\">Daniel NYS, administrateur<\/span><\/li>\n<li>Fabrice PREAULT, administrateur<\/li>\n<li>Florence REGOURD, administratrice<\/li>\n<li>Benjamin SIRET, administrateur<\/li>\n<li><span class=\"OYPEnA font-feature-liga-off font-feature-clig-off font-feature-calt-off text-decoration-none text-strikethrough-none\">Gildas TOUBLANC- administrateur<\/span><\/li>\n<\/ul>\n","protected":false},"excerpt":{"rendered":"<p>Le bureau Pr\u00e9sident : Jany GUERET Vice-pr\u00e9sident :\u00a0 Yves RETRIF, Franck PLAZANET, Dominique MONNERY Tr\u00e9sorier : Fran\u00e7ois MOLLE Tr\u00e9sorier adjoint : Didier CHIRON Secr\u00e9taire : Dani\u00e8le HILLIER Secr\u00e9taire adjointe : Anne-Marie SORREL Membre : Andr\u00e9 GOICHON Le Conseil d&rsquo;Administration Alexis AUBIN- administrateur Gr\u00e9goire BARBOT- administrateur Catherine BERINGER, administratrice Jean-Jacques BOBIN, [&hellip;]<\/p>\n","protected":false},"author":2,"featured_media":0,"comment_status":"closed","ping_status":"open","sticky":false,"template":"","format":"standard","meta":{"jetpack_post_was_ever_published":false,"footnotes":"","jetpack_publicize_message":"","jetpack_is_tweetstorm":false,"jetpack_publicize_feature_enabled":true,"jetpack_social_post_already_shared":true,"jetpack_social_options":[]},"categories":[13],"tags":[292,276,279,296],"class_list":["post-1599","post","type-post","status-publish","format-standard","hentry","category-vie-statutaire","tag-association","tag-benevole","tag-engagement","tag-vie-associative"],"jetpack_publicize_connections":[],"yoast_head":"<!-- This site is optimized with the Yoast SEO plugin v20.0 - https:\/\/yoast.com\/wordpress\/plugins\/seo\/ -->\n<title>Les \u00e9lus - La Ligue de l&#039;Enseignement de Vend\u00e9e<\/title>\n<meta name=\"robots\" content=\"index, follow, max-snippet:-1, max-image-preview:large, max-video-preview:-1\" \/>\n<link rel=\"canonical\" href=\"http:\/\/www.laligue85.org\/fra\/blog\/2014\/06\/10\/les-elus-2\/\" \/>\n<meta property=\"og:locale\" content=\"fr_FR\" \/>\n<meta property=\"og:type\" content=\"article\" \/>\n<meta property=\"og:title\" content=\"Les \u00e9lus - La Ligue de l&#039;Enseignement de Vend\u00e9e\" \/>\n<meta property=\"og:description\" content=\"Le bureau Pr\u00e9sident : Jany GUERET Vice-pr\u00e9sident :\u00a0 Yves RETRIF, Franck PLAZANET, Dominique MONNERY Tr\u00e9sorier : Fran\u00e7ois MOLLE Tr\u00e9sorier adjoint : Didier CHIRON Secr\u00e9taire : Dani\u00e8le HILLIER Secr\u00e9taire adjointe : Anne-Marie SORREL Membre : Andr\u00e9 GOICHON Le Conseil d&rsquo;Administration Alexis AUBIN- administrateur Gr\u00e9goire BARBOT- administrateur Catherine BERINGER, administratrice Jean-Jacques BOBIN, [&hellip;]\" \/>\n<meta property=\"og:url\" content=\"http:\/\/www.laligue85.org\/fra\/blog\/2014\/06\/10\/les-elus-2\/\" \/>\n<meta property=\"og:site_name\" content=\"La Ligue de l&#039;Enseignement de Vend\u00e9e\" \/>\n<meta property=\"article:published_time\" content=\"2014-06-10T12:28:01+00:00\" \/>\n<meta property=\"article:modified_time\" content=\"2025-06-17T09:19:39+00:00\" \/>\n<meta name=\"author\" content=\"epiveteau\" \/>\n<meta name=\"twitter:card\" content=\"summary_large_image\" \/>\n<meta name=\"twitter:label1\" content=\"\u00c9crit par\" \/>\n\t<meta name=\"twitter:data1\" content=\"epiveteau\" \/>\n\t<meta name=\"twitter:label2\" content=\"Dur\u00e9e de lecture estim\u00e9e\" \/>\n\t<meta name=\"twitter:data2\" content=\"1 minute\" \/>\n<script type=\"application\/ld+json\" class=\"yoast-schema-graph\">{\"@context\":\"https:\/\/schema.org\",\"@graph\":[{\"@type\":\"WebPage\",\"@id\":\"http:\/\/www.laligue85.org\/fra\/blog\/2014\/06\/10\/les-elus-2\/\",\"url\":\"http:\/\/www.laligue85.org\/fra\/blog\/2014\/06\/10\/les-elus-2\/\",\"name\":\"Les \u00e9lus - La Ligue de l&#039;Enseignement de Vend\u00e9e\",\"isPartOf\":{\"@id\":\"https:\/\/www.laligue85.org\/fra\/#website\"},\"datePublished\":\"2014-06-10T12:28:01+00:00\",\"dateModified\":\"2025-06-17T09:19:39+00:00\",\"author\":{\"@id\":\"https:\/\/www.laligue85.org\/fra\/#\/schema\/person\/45271b6e75b5943f21d354872a5c1a2e\"},\"breadcrumb\":{\"@id\":\"http:\/\/www.laligue85.org\/fra\/blog\/2014\/06\/10\/les-elus-2\/#breadcrumb\"},\"inLanguage\":\"fr-FR\",\"potentialAction\":[{\"@type\":\"ReadAction\",\"target\":[\"http:\/\/www.laligue85.org\/fra\/blog\/2014\/06\/10\/les-elus-2\/\"]}]},{\"@type\":\"BreadcrumbList\",\"@id\":\"http:\/\/www.laligue85.org\/fra\/blog\/2014\/06\/10\/les-elus-2\/#breadcrumb\",\"itemListElement\":[{\"@type\":\"ListItem\",\"position\":1,\"name\":\"Accueil\",\"item\":\"https:\/\/www.laligue85.org\/fra\/\"},{\"@type\":\"ListItem\",\"position\":2,\"name\":\"Les \u00e9lus\"}]},{\"@type\":\"WebSite\",\"@id\":\"https:\/\/www.laligue85.org\/fra\/#website\",\"url\":\"https:\/\/www.laligue85.org\/fra\/\",\"name\":\"La Ligue de l&#039;Enseignement de Vend\u00e9e\",\"description\":\"F\u00e9d\u00e9ration d&#039;\u00e9ducation populaire\",\"potentialAction\":[{\"@type\":\"SearchAction\",\"target\":{\"@type\":\"EntryPoint\",\"urlTemplate\":\"https:\/\/www.laligue85.org\/fra\/?s={search_term_string}\"},\"query-input\":\"required name=search_term_string\"}],\"inLanguage\":\"fr-FR\"},{\"@type\":\"Person\",\"@id\":\"https:\/\/www.laligue85.org\/fra\/#\/schema\/person\/45271b6e75b5943f21d354872a5c1a2e\",\"name\":\"epiveteau\",\"image\":{\"@type\":\"ImageObject\",\"inLanguage\":\"fr-FR\",\"@id\":\"https:\/\/www.laligue85.org\/fra\/#\/schema\/person\/image\/\",\"url\":\"https:\/\/secure.gravatar.com\/avatar\/7fedac7ddc713994f9815c37f877ecb7?s=96&d=mm&r=g\",\"contentUrl\":\"https:\/\/secure.gravatar.com\/avatar\/7fedac7ddc713994f9815c37f877ecb7?s=96&d=mm&r=g\",\"caption\":\"epiveteau\"},\"url\":\"https:\/\/www.laligue85.org\/fra\/blog\/author\/epiveteau\/\"}]}<\/script>\n<!-- \/ Yoast SEO plugin. -->","yoast_head_json":{"title":"Les \u00e9lus - La Ligue de l&#039;Enseignement de Vend\u00e9e","robots":{"index":"index","follow":"follow","max-snippet":"max-snippet:-1","max-image-preview":"max-image-preview:large","max-video-preview":"max-video-preview:-1"},"canonical":"http:\/\/www.laligue85.org\/fra\/blog\/2014\/06\/10\/les-elus-2\/","og_locale":"fr_FR","og_type":"article","og_title":"Les \u00e9lus - La Ligue de l&#039;Enseignement de Vend\u00e9e","og_description":"Le bureau Pr\u00e9sident : Jany GUERET Vice-pr\u00e9sident :\u00a0 Yves RETRIF, Franck PLAZANET, Dominique MONNERY Tr\u00e9sorier : Fran\u00e7ois MOLLE Tr\u00e9sorier adjoint : Didier CHIRON Secr\u00e9taire : Dani\u00e8le HILLIER Secr\u00e9taire adjointe : Anne-Marie SORREL Membre : Andr\u00e9 GOICHON Le Conseil d&rsquo;Administration Alexis AUBIN- administrateur Gr\u00e9goire BARBOT- administrateur Catherine BERINGER, administratrice Jean-Jacques BOBIN, [&hellip;]","og_url":"http:\/\/www.laligue85.org\/fra\/blog\/2014\/06\/10\/les-elus-2\/","og_site_name":"La Ligue de l&#039;Enseignement de Vend\u00e9e","article_published_time":"2014-06-10T12:28:01+00:00","article_modified_time":"2025-06-17T09:19:39+00:00","author":"epiveteau","twitter_card":"summary_large_image","twitter_misc":{"\u00c9crit par":"epiveteau","Dur\u00e9e de lecture estim\u00e9e":"1 minute"},"schema":{"@context":"https:\/\/schema.org","@graph":[{"@type":"WebPage","@id":"http:\/\/www.laligue85.org\/fra\/blog\/2014\/06\/10\/les-elus-2\/","url":"http:\/\/www.laligue85.org\/fra\/blog\/2014\/06\/10\/les-elus-2\/","name":"Les \u00e9lus - La Ligue de l&#039;Enseignement de Vend\u00e9e","isPartOf":{"@id":"https:\/\/www.laligue85.org\/fra\/#website"},"datePublished":"2014-06-10T12:28:01+00:00","dateModified":"2025-06-17T09:19:39+00:00","author":{"@id":"https:\/\/www.laligue85.org\/fra\/#\/schema\/person\/45271b6e75b5943f21d354872a5c1a2e"},"breadcrumb":{"@id":"http:\/\/www.laligue85.org\/fra\/blog\/2014\/06\/10\/les-elus-2\/#breadcrumb"},"inLanguage":"fr-FR","potentialAction":[{"@type":"ReadAction","target":["http:\/\/www.laligue85.org\/fra\/blog\/2014\/06\/10\/les-elus-2\/"]}]},{"@type":"BreadcrumbList","@id":"http:\/\/www.laligue85.org\/fra\/blog\/2014\/06\/10\/les-elus-2\/#breadcrumb","itemListElement":[{"@type":"ListItem","position":1,"name":"Accueil","item":"https:\/\/www.laligue85.org\/fra\/"},{"@type":"ListItem","position":2,"name":"Les \u00e9lus"}]},{"@type":"WebSite","@id":"https:\/\/www.laligue85.org\/fra\/#website","url":"https:\/\/www.laligue85.org\/fra\/","name":"La Ligue de l&#039;Enseignement de Vend\u00e9e","description":"F\u00e9d\u00e9ration d&#039;\u00e9ducation populaire","potentialAction":[{"@type":"SearchAction","target":{"@type":"EntryPoint","urlTemplate":"https:\/\/www.laligue85.org\/fra\/?s={search_term_string}"},"query-input":"required name=search_term_string"}],"inLanguage":"fr-FR"},{"@type":"Person","@id":"https:\/\/www.laligue85.org\/fra\/#\/schema\/person\/45271b6e75b5943f21d354872a5c1a2e","name":"epiveteau","image":{"@type":"ImageObject","inLanguage":"fr-FR","@id":"https:\/\/www.laligue85.org\/fra\/#\/schema\/person\/image\/","url":"https:\/\/secure.gravatar.com\/avatar\/7fedac7ddc713994f9815c37f877ecb7?s=96&d=mm&r=g","contentUrl":"https:\/\/secure.gravatar.com\/avatar\/7fedac7ddc713994f9815c37f877ecb7?s=96&d=mm&r=g","caption":"epiveteau"},"url":"https:\/\/www.laligue85.org\/fra\/blog\/author\/epiveteau\/"}]}},"jetpack_featured_media_url":"","jetpack_shortlink":"https:\/\/wp.me\/p9Chnq-pN","_links":{"self":[{"href":"https:\/\/www.laligue85.org\/fra\/wp-json\/wp\/v2\/posts\/1599","targetHints":{"allow":["GET"]}}],"collection":[{"href":"https:\/\/www.laligue85.org\/fra\/wp-json\/wp\/v2\/posts"}],"about":[{"href":"https:\/\/www.laligue85.org\/fra\/wp-json\/wp\/v2\/types\/post"}],"author":[{"embeddable":true,"href":"https:\/\/www.laligue85.org\/fra\/wp-json\/wp\/v2\/users\/2"}],"replies":[{"embeddable":true,"href":"https:\/\/www.laligue85.org\/fra\/wp-json\/wp\/v2\/comments?post=1599"}],"version-history":[{"count":17,"href":"https:\/\/www.laligue85.org\/fra\/wp-json\/wp\/v2\/posts\/1599\/revisions"}],"predecessor-version":[{"id":14843,"href":"https:\/\/www.laligue85.org\/fra\/wp-json\/wp\/v2\/posts\/1599\/revisions\/14843"}],"wp:attachment":[{"href":"https:\/\/www.laligue85.org\/fra\/wp-json\/wp\/v2\/media?parent=1599"}],"wp:term":[{"taxonomy":"category","embeddable":true,"href":"https:\/\/www.laligue85.org\/fra\/wp-json\/wp\/v2\/categories?post=1599"},{"taxonomy":"post_tag","embeddable":true,"href":"https:\/\/www.laligue85.org\/fra\/wp-json\/wp\/v2\/tags?post=1599"}],"curies":[{"name":"wp","href":"https:\/\/api.w.org\/{rel}","templated":true}]}}