{"id":1726,"date":"2018-03-28T15:00:00","date_gmt":"2018-03-28T13:00:00","guid":{"rendered":"http:\/\/www.laligue85.org\/fra\/blog\/2016\/12\/17\/plan-de-formation-janvier-juin-2015-2\/"},"modified":"2024-01-26T17:30:10","modified_gmt":"2024-01-26T16:30:10","slug":"plan-de-formation-janvier-juin-2015-2","status":"publish","type":"post","link":"https:\/\/www.laligue85.org\/fra\/blog\/2018\/03\/28\/plan-de-formation-janvier-juin-2015-2\/","title":{"rendered":"Plan de formation des b\u00e9n\u00e9voles"},"content":{"rendered":"<p>[vc_row][vc_column][vc_column_text]<span style=\"color: #ffffff;\">gfgghj<\/span><\/p>\n<p><span style=\"color: #ffffff;\">gfjtgjyj<\/span><\/p>\n<p style=\"text-align: justify;\"><span style=\"line-height: 1.3em;\">Depuis la mise en place du dispositif, chaque coordination d\u00e9partementale s&rsquo;efforce de proposer \u00e0 ses b\u00e9n\u00e9voles des temps d&rsquo;\u00e9changes et de rencontres, avec les coordinateurs, certes, mais \u00e9galement avec des professionnels du livre, de l&rsquo;enfant, de l&rsquo;\u00e9crit ou de la mise en voix de textes.<\/span><\/p>\n<p style=\"text-align: justify;\">Les b\u00e9n\u00e9voles expriment parfois des exigences fortes vis-vis de leurs coordinateurs, auxquelles nous nous devons de r\u00e9pondre, notamment en raison du temps et de l&rsquo;\u00e9nergie qu&rsquo;ils consacrent gracieusement \u00e0 Lire et Faire Lire.<\/p>\n<div class=\"tiled-gallery type-square tiled-gallery-unresized\" data-original-width=\"500\" data-carousel-extra='null' itemscope itemtype=\"http:\/\/schema.org\/ImageGallery\" > <div class=\"gallery-row\" style=\"width: 500px; height: 500px;\" data-original-width=\"500\" data-original-height=\"500\" > <div class=\"gallery-group\" style=\"width: 500px; height: 500px;\" data-original-width=\"500\" data-original-height=\"500\" > <div class=\"tiled-gallery-item \" itemprop=\"associatedMedia\" itemscope itemtype=\"http:\/\/schema.org\/ImageObject\"> <a href=\"https:\/\/www.laligue85.org\/fra\/attachment-lfl_formation-lfl_formation-benevoles-lfl-fol\/\" border=\"0\" itemprop=\"url\"> <meta itemprop=\"width\" content=\"496\"> <meta itemprop=\"height\" content=\"496\"> <img loading=\"lazy\" decoding=\"async\" data-attachment-id=\"1222\" data-orig-file=\"https:\/\/www.laligue85.org\/fra\/wp-content\/uploads\/2016\/10\/lfl_formation-lfl_formation-benevoles-LFL-FOL.jpg\" data-orig-size=\"800,533\" data-comments-opened=\"1\" data-image-meta=\"{&quot;aperture&quot;:&quot;5.6&quot;,&quot;credit&quot;:&quot;&quot;,&quot;camera&quot;:&quot;NIKON D3100&quot;,&quot;caption&quot;:&quot;????????????????????????????????????&quot;,&quot;created_timestamp&quot;:&quot;1475819495&quot;,&quot;copyright&quot;:&quot;&quot;,&quot;focal_length&quot;:&quot;55&quot;,&quot;iso&quot;:&quot;400&quot;,&quot;shutter_speed&quot;:&quot;0.025&quot;,&quot;title&quot;:&quot;&quot;,&quot;orientation&quot;:&quot;1&quot;}\" data-image-title=\"lfl_formation-lfl_formation-benevoles-LFL-FOL\" data-image-description=\"\" data-medium-file=\"https:\/\/www.laligue85.org\/fra\/wp-content\/uploads\/2016\/10\/lfl_formation-lfl_formation-benevoles-LFL-FOL-300x200.jpg\" data-large-file=\"https:\/\/www.laligue85.org\/fra\/wp-content\/uploads\/2016\/10\/lfl_formation-lfl_formation-benevoles-LFL-FOL.jpg\" src=\"https:\/\/i0.wp.com\/www.laligue85.org\/fra\/wp-content\/uploads\/2016\/10\/lfl_formation-lfl_formation-benevoles-LFL-FOL.jpg?w=496&#038;h=496&#038;crop=1&#038;ssl=1\" width=\"496\" height=\"496\" data-original-width=\"496\" data-original-height=\"496\" itemprop=\"http:\/\/schema.org\/image\" title=\"lfl_formation-lfl_formation-benevoles-LFL-FOL\" alt=\"Convivialit\u00e9 et \u00e9changes entre les b\u00e9n\u00e9voles\" style=\"width: 496px; height: 496px;\" \/> <\/a> <div class=\"tiled-gallery-caption\" itemprop=\"caption description\"> Convivialit\u00e9 et \u00e9changes entre les b\u00e9n\u00e9voles <\/div> <\/div> <\/div> <\/div> <div class=\"gallery-row\" style=\"width: 500px; height: 166px;\" data-original-width=\"500\" data-original-height=\"166\" > <div class=\"gallery-group\" style=\"width: 166px; height: 166px;\" data-original-width=\"166\" data-original-height=\"166\" > <div class=\"tiled-gallery-item \" itemprop=\"associatedMedia\" itemscope itemtype=\"http:\/\/schema.org\/ImageObject\"> <a href=\"https:\/\/www.laligue85.org\/fra\/blog\/2018\/03\/28\/plan-de-formation-janvier-juin-2015-2\/lfl-formation3\/\" border=\"0\" itemprop=\"url\"> <meta itemprop=\"width\" content=\"162\"> <meta itemprop=\"height\" content=\"162\"> <img loading=\"lazy\" decoding=\"async\" data-attachment-id=\"7638\" data-orig-file=\"https:\/\/www.laligue85.org\/fra\/wp-content\/uploads\/2018\/03\/lfl-formation3.jpg\" data-orig-size=\"1024,683\" data-comments-opened=\"\" data-image-meta=\"{&quot;aperture&quot;:&quot;0&quot;,&quot;credit&quot;:&quot;&quot;,&quot;camera&quot;:&quot;&quot;,&quot;caption&quot;:&quot;&quot;,&quot;created_timestamp&quot;:&quot;0&quot;,&quot;copyright&quot;:&quot;&quot;,&quot;focal_length&quot;:&quot;0&quot;,&quot;iso&quot;:&quot;0&quot;,&quot;shutter_speed&quot;:&quot;0&quot;,&quot;title&quot;:&quot;&quot;,&quot;orientation&quot;:&quot;0&quot;}\" data-image-title=\"lfl-formation3\" data-image-description=\"\" data-medium-file=\"https:\/\/www.laligue85.org\/fra\/wp-content\/uploads\/2018\/03\/lfl-formation3-300x200.jpg\" data-large-file=\"https:\/\/www.laligue85.org\/fra\/wp-content\/uploads\/2018\/03\/lfl-formation3-1024x683.jpg\" src=\"https:\/\/i0.wp.com\/www.laligue85.org\/fra\/wp-content\/uploads\/2018\/03\/lfl-formation3.jpg?w=162&#038;h=162&#038;crop=1&#038;ssl=1\" width=\"162\" height=\"162\" data-original-width=\"162\" data-original-height=\"162\" itemprop=\"http:\/\/schema.org\/image\" title=\"lfl-formation3\" alt=\"Formation des b\u00e9n\u00e9voles : Initiation \u00e0 la litt\u00e9rature jeunesse \u00e0 la librairie Au Chat Lent\" style=\"width: 162px; height: 162px;\" \/> <\/a> <div class=\"tiled-gallery-caption\" itemprop=\"caption description\"> Formation des b\u00e9n\u00e9voles : Initiation \u00e0 la litt\u00e9rature jeunesse \u00e0 la librairie Au Chat Lent <\/div> <\/div> <\/div> <div class=\"gallery-group\" style=\"width: 166px; height: 166px;\" data-original-width=\"166\" data-original-height=\"166\" > <div class=\"tiled-gallery-item \" itemprop=\"associatedMedia\" itemscope itemtype=\"http:\/\/schema.org\/ImageObject\"> <a href=\"https:\/\/www.laligue85.org\/fra\/blog\/2018\/03\/28\/plan-de-formation-janvier-juin-2015-2\/lfl-formation2\/\" border=\"0\" itemprop=\"url\"> <meta itemprop=\"width\" content=\"162\"> <meta itemprop=\"height\" content=\"162\"> <img loading=\"lazy\" decoding=\"async\" data-attachment-id=\"7639\" data-orig-file=\"https:\/\/www.laligue85.org\/fra\/wp-content\/uploads\/2018\/03\/lfl-formation2.jpg\" data-orig-size=\"1024,768\" data-comments-opened=\"\" data-image-meta=\"{&quot;aperture&quot;:&quot;0&quot;,&quot;credit&quot;:&quot;&quot;,&quot;camera&quot;:&quot;&quot;,&quot;caption&quot;:&quot;&quot;,&quot;created_timestamp&quot;:&quot;0&quot;,&quot;copyright&quot;:&quot;&quot;,&quot;focal_length&quot;:&quot;0&quot;,&quot;iso&quot;:&quot;0&quot;,&quot;shutter_speed&quot;:&quot;0&quot;,&quot;title&quot;:&quot;&quot;,&quot;orientation&quot;:&quot;0&quot;}\" data-image-title=\"lfl-formation2\" data-image-description=\"\" data-medium-file=\"https:\/\/www.laligue85.org\/fra\/wp-content\/uploads\/2018\/03\/lfl-formation2-300x225.jpg\" data-large-file=\"https:\/\/www.laligue85.org\/fra\/wp-content\/uploads\/2018\/03\/lfl-formation2-1024x768.jpg\" src=\"https:\/\/i0.wp.com\/www.laligue85.org\/fra\/wp-content\/uploads\/2018\/03\/lfl-formation2.jpg?w=162&#038;h=162&#038;crop=1&#038;ssl=1\" width=\"162\" height=\"162\" data-original-width=\"162\" data-original-height=\"162\" itemprop=\"http:\/\/schema.org\/image\" title=\"lfl-formation2\" alt=\"Formation des b\u00e9n\u00e9voles : Reflexions collectives et cas pratiques\" style=\"width: 162px; height: 162px;\" \/> <\/a> <div class=\"tiled-gallery-caption\" itemprop=\"caption description\"> Formation des b\u00e9n\u00e9voles : Reflexions collectives et cas pratiques <\/div> <\/div> <\/div> <div class=\"gallery-group\" style=\"width: 166px; height: 166px;\" data-original-width=\"166\" data-original-height=\"166\" > <div class=\"tiled-gallery-item \" itemprop=\"associatedMedia\" itemscope itemtype=\"http:\/\/schema.org\/ImageObject\"> <a href=\"https:\/\/www.laligue85.org\/fra\/blog\/2018\/03\/28\/plan-de-formation-janvier-juin-2015-2\/lfl-formation1\/\" border=\"0\" itemprop=\"url\"> <meta itemprop=\"width\" content=\"162\"> <meta itemprop=\"height\" content=\"162\"> <img loading=\"lazy\" decoding=\"async\" data-attachment-id=\"7640\" data-orig-file=\"https:\/\/www.laligue85.org\/fra\/wp-content\/uploads\/2018\/03\/lfl-formation1.jpg\" data-orig-size=\"1024,576\" data-comments-opened=\"\" data-image-meta=\"{&quot;aperture&quot;:&quot;0&quot;,&quot;credit&quot;:&quot;&quot;,&quot;camera&quot;:&quot;&quot;,&quot;caption&quot;:&quot;&quot;,&quot;created_timestamp&quot;:&quot;0&quot;,&quot;copyright&quot;:&quot;&quot;,&quot;focal_length&quot;:&quot;0&quot;,&quot;iso&quot;:&quot;0&quot;,&quot;shutter_speed&quot;:&quot;0&quot;,&quot;title&quot;:&quot;&quot;,&quot;orientation&quot;:&quot;0&quot;}\" data-image-title=\"lfl-formation1\" data-image-description=\"\" data-medium-file=\"https:\/\/www.laligue85.org\/fra\/wp-content\/uploads\/2018\/03\/lfl-formation1-300x169.jpg\" data-large-file=\"https:\/\/www.laligue85.org\/fra\/wp-content\/uploads\/2018\/03\/lfl-formation1-1024x576.jpg\" src=\"https:\/\/i0.wp.com\/www.laligue85.org\/fra\/wp-content\/uploads\/2018\/03\/lfl-formation1.jpg?w=162&#038;h=162&#038;crop=1&#038;ssl=1\" width=\"162\" height=\"162\" data-original-width=\"162\" data-original-height=\"162\" itemprop=\"http:\/\/schema.org\/image\" title=\"lfl-formation1\" alt=\"Formation des b\u00e9n\u00e9voles : Rencontre avec une autrice\/illustratrice : Sandrine Bonini\" style=\"width: 162px; height: 162px;\" \/> <\/a> <div class=\"tiled-gallery-caption\" itemprop=\"caption description\"> Formation des b\u00e9n\u00e9voles : Rencontre avec une autrice\/illustratrice : Sandrine Bonini <\/div> <\/div> <\/div> <\/div> <\/div>\n<p style=\"text-align: justify;\">Cependant, nous aussi sommes tenus \u00e0 une certaine forme d&rsquo;exigence vis-\u00e0-vis des b\u00e9n\u00e9voles, afin d&rsquo;assurer la qualit\u00e9 des interventions et la p\u00e9rennit\u00e9 du dispositif. La formation est, dans le contexte des partenariats que nous engageons, une obligation et une garantie de la qualit\u00e9 de l&rsquo;action de Lire et Faire Lire.<\/p>\n<h5>Comment s\u2019inscrire ?<\/h5>\n<ol>\n<li>Compl\u00e9tez le formulaire ci-dessous. Choisissez maximum 3 modules en les cochant ci-dessous et en les mettant par ordre de priorit\u00e9.<\/li>\n<li>Cliquez sur \u00ab\u00a0envoyer\u00a0\u00bb. Et c&rsquo;est termin\u00e9, nous avons re\u00e7u votre demande.<\/li>\n<\/ol>\n<h5>Et apr\u00e8s ?<\/h5>\n<p>Si vous \u00eates retenus, vous recevrez par mail une confirmation d&rsquo;inscription vous indiquant le jour, l&rsquo;heure et le lieu pr\u00e9cis de la formation. Vous serez invit\u00e9 \u00e0 nous confirmer votre pr\u00e9sence afin que nous ayons une liste la plus \u00e0 jour possible. En cas de d\u00e9sistement nous contactons les personnes sur liste d&rsquo;attente. Les formations Lire et Faire Lire ont beaucoup de succ\u00e8s et nous en sommes ravis. Malheureusement il y a \u00e9galement eu plus de 130 d\u00e9sistements. Ces derniers, souvent de derni\u00e8res minutes, ne nous permettent pas de donner une chance aux personnes sur liste d\u2019attente. De ce fait et en cas de d\u00e9sistement non justifi\u00e9, le b\u00e9n\u00e9vole ne pourra plus \u00eatre prioritaire pour les prochaines formations<\/p>\n<p>Nous vous rappelons que les nouveaux b\u00e9n\u00e9voles sont invit\u00e9s \u00e0 suivre le module d&rsquo;accueil pour une bonne compr\u00e9hension du fonctionnement et des valeurs de l&rsquo;association.<\/p>\n<p style=\"text-align: justify;\"><strong>A consulter :<\/strong><\/p>\n<ul>\n<li><a href=\"https:\/\/docs.google.com\/forms\/d\/e\/1FAIpQLSezjCGsugw0hN4JBcg3wDdosQo5RffwDy-E8MT5kr-u4uTe_g\/viewform\"><span style=\"line-height: 1.3em;\">Inscription aux formations directement en ligne<\/span><\/a><\/li>\n<li><a href=\"http:\/\/www.laligue85.org\/fra\/wp-content\/uploads\/2023\/09\/Formation-LFL-janvier-a-juin-20242_compressed.pdf\" class=\"mtli_attachment mtli_pdf\">Le plan de formation<\/a><\/li>\n<li><a href=\"http:\/\/www.laligue85.org\/fra\/blog\/2018\/04\/09\/lequipe\/\">Pour toutes demandes, contactez la coordination d\u00e9partementale<\/a><\/li>\n<\/ul>\n<div class=\"_3d-flip-book  fb3d-fullscreen-mode full-size\" data-id=\"13790\" data-mode=\"fullscreen\" data-title=\"false\" data-template=\"short-white-book-view\" data-lightbox=\"dark\" data-urlparam=\"fb3d-page\" data-page-n=\"0\" data-pdf=\"\" data-tax=\"null\" data-thumbnail=\"\" data-cols=\"3\" data-style=\"\" data-book-template=\"default\"><\/div><script type=\"text\/javascript\">window.FB3D_CLIENT_DATA = window.FB3D_CLIENT_DATA || [];window.FB3D_CLIENT_DATA.push('eyJwb3N0cyI6eyIxMzc5MCI6eyJJRCI6MTM3OTAsInRpdGxlIjoiRm9ybWF0aW9uIExGTCAyMDI0IiwidHlwZSI6InBkZiIsInJlYWR5X2Z1bmN0aW9uIjoiIiwiYm9va19zdHlsZSI6ImZsYXQiLCJib29rX3RlbXBsYXRlIjoibm9uZSIsIm91dGxpbmUiOltdLCJkYXRhIjp7InBvc3RfSUQiOiIxNDAxNSIsImd1aWQiOiJodHRwOlwvXC93d3cubGFsaWd1ZTg1Lm9yZ1wvZnJhXC93cC1jb250ZW50XC91cGxvYWRzXC8yMDIzXC8wOVwvRm9ybWF0aW9uLUxGTC1qYW52aWVyLWEtanVpbi0yMDI0Ml9jb21wcmVzc2VkLnBkZiIsInBkZl9wYWdlcyI6IjExIiwicGFnZXNfY3VzdG9taXphdGlvbiI6Im5vbmUifSwidGh1bWJuYWlsIjp7ImRhdGEiOnsicG9zdF9JRCI6IjAifSwidHlwZSI6ImF1dG8ifSwicHJvcHMiOnsiY2FjaGVkUGFnZXMiOiJhdXRvIiwicmVuZGVySW5hY3RpdmVQYWdlcyI6ImF1dG8iLCJyZW5kZXJJbmFjdGl2ZVBhZ2VzT25Nb2JpbGUiOiJhdXRvIiwicmVuZGVyV2hpbGVGbGlwcGluZyI6ImF1dG8iLCJwcmVsb2FkUGFnZXMiOiJhdXRvIiwiYXV0b1BsYXlEdXJhdGlvbiI6ImF1dG8iLCJydGwiOiJhdXRvIiwiaW50ZXJhY3RpdmVDb3JuZXJzIjoiYXV0byIsInNoZWV0Ijp7InN0YXJ0VmVsb2NpdHkiOiJhdXRvIiwid2F2ZSI6ImF1dG8iLCJzaGFwZSI6ImF1dG8iLCJ3aWR0aFRleGVscyI6ImF1dG8iLCJjb2xvciI6ImF1dG8iLCJzaWRlIjoiYXV0byIsImNvcm5lckRldmlhdGlvbiI6ImF1dG8iLCJmbGV4aWJpbGl0eSI6ImF1dG8iLCJmbGV4aWJsZUNvcm5lciI6ImF1dG8iLCJiZW5kaW5nIjoiYXV0byIsImhlaWdodFRleGVscyI6ImF1dG8ifSwiY292ZXIiOnsid2F2ZSI6ImF1dG8iLCJjb2xvciI6ImF1dG8iLCJiaW5kZXJUZXh0dXJlIjoiYXV0byIsImRlcHRoIjoiYXV0byIsInBhZGRpbmciOiJhdXRvIiwic3RhcnRWZWxvY2l0eSI6ImF1dG8iLCJmbGV4aWJpbGl0eSI6ImF1dG8iLCJmbGV4aWJsZUNvcm5lciI6ImF1dG8iLCJiZW5kaW5nIjoiYXV0byIsIndpZHRoVGV4ZWxzIjoiYXV0byIsImhlaWdodFRleGVscyI6ImF1dG8iLCJtYXNzIjoiYXV0byIsInNpZGUiOiJhdXRvIiwic2hhcGUiOiJhdXRvIn0sInBhZ2UiOnsid2F2ZSI6ImF1dG8iLCJjb2xvciI6ImF1dG8iLCJkZXB0aCI6ImF1dG8iLCJzdGFydFZlbG9jaXR5IjoiYXV0byIsImZsZXhpYmlsaXR5IjoiYXV0byIsImZsZXhpYmxlQ29ybmVyIjoiYXV0byIsImJlbmRpbmciOiJhdXRvIiwid2lkdGhUZXhlbHMiOiJhdXRvIiwiaGVpZ2h0VGV4ZWxzIjoiYXV0byIsIm1hc3MiOiJhdXRvIiwic2lkZSI6ImF1dG8iLCJzaGFwZSI6ImF1dG8ifSwiaGVpZ2h0IjoiYXV0byIsIndpZHRoIjoiYXV0byIsImdyYXZpdHkiOiJhdXRvIiwicGFnZXNGb3JQcmVkaWN0aW5nIjoiYXV0byJ9LCJjb250cm9sUHJvcHMiOnsiYWN0aW9ucyI6eyJjbWRUb2MiOnsiZW5hYmxlZCI6ImF1dG8iLCJlbmFibGVkSW5OYXJyb3ciOiJhdXRvIiwiYWN0aXZlIjoiYXV0byIsImRlZmF1bHRUYWIiOiJhdXRvIn0sImNtZEF1dG9QbGF5Ijp7ImVuYWJsZWQiOiJhdXRvIiwiZW5hYmxlZEluTmFycm93IjoiYXV0byIsImFjdGl2ZSI6ImF1dG8ifSwiY21kU2F2ZSI6eyJlbmFibGVkIjoiYXV0byIsImVuYWJsZWRJbk5hcnJvdyI6ImF1dG8ifSwiY21kUHJpbnQiOnsiZW5hYmxlZCI6ImF1dG8iLCJlbmFibGVkSW5OYXJyb3ciOiJhdXRvIn0sImNtZFNpbmdsZVBhZ2UiOnsiZW5hYmxlZCI6ImF1dG8iLCJlbmFibGVkSW5OYXJyb3ciOiJhdXRvIiwiYWN0aXZlIjoiYXV0byIsImFjdGl2ZUZvck1vYmlsZSI6ImF1dG8ifSwid2lkVG9vbGJhciI6eyJlbmFibGVkIjoiYXV0byIsImVuYWJsZWRJbk5hcnJvdyI6ImF1dG8ifX19LCJhdXRvVGh1bWJuYWlsIjoiaHR0cDpcL1wvd3d3LmxhbGlndWU4NS5vcmdcL2ZyYVwvd3AtY29udGVudFwvdXBsb2Fkc1wvM2QtZmxpcC1ib29rXC9hdXRvLXRodW1ibmFpbHNcLzEzNzkwLnBuZyIsInBvc3RfbmFtZSI6ImZvcm1hdGlvbi1sZmwtMjAyMyIsInBvc3RfdHlwZSI6IjNkLWZsaXAtYm9vayJ9fSwicGFnZXMiOltdLCJmaXJzdFBhZ2VzIjpbXX0=');window.FB3D_CLIENT_LOCALE && window.FB3D_CLIENT_LOCALE.render();<\/script>[\/vc_column_text][\/vc_column][\/vc_row][vc_row css=\u00a0\u00bb.vc_custom_1494328488142{padding-top: 65px !important;padding-bottom: 70px !important;}\u00a0\u00bb][vc_column]<div class=\"special-heading vntd-heading heading-no-border heading-align-center\"style=\"margin-bottom:60px;\"><h3 class=\"special-heading-title\">Formation des b\u00e9n\u00e9voles<\/h3><p class=\"special-heading-subtitle\">Retrouvez ici les comptes rendus des anciens modules<\/p><\/div><div class=\"vntd-carousel-holder vntd-content-element\"><div class=\"vntd-carousel vntd-blog-carousel vntd-blog posts owl-carousel blog-style-boxed blog-boxed_border blog-meta-minimal\" data-dots=\"true\" data-nav=\"false\" data-autoplay=\"true\" data-autoplay-timeout=\"7000\" data-cols=\"3\" data-cols-tablet=\"2\" data-cols-mobile=\"1\" data-margin=\"30\">\t\t\t\n\t\t<div class=\"item post post-holder\">\n\n\t\t\t<div class=\"blog-item-inner\">\n\t\t\t\t\n\t\t\t\t\t\t\t\t\t\t\n\t\t\t\t\t\t<div class=\"post-medias\">\n\t\t\t\t\t\t\t<a href=\"https:\/\/www.laligue85.org\/fra\/blog\/2021\/01\/21\/rencontre-avec-cathy-ytak-et-thomas-scotto\/\">\n\t\t\t\t\t\t\t\t<img decoding=\"async\" src=\"https:\/\/www.laligue85.org\/fra\/wp-content\/uploads\/2021\/01\/cathy-thomas-e1610960541704-600x420.png\" alt=\"Rencontre avec Cathy Ytak et Thomas Scotto\">\n\t\t\t\t\t\t\t<\/a>\n\t\t\t\t\t\t<\/div>\n\t\t\t\t\t\t\n\t\t\t\t\t\t\n\t\t\t\t<div class=\"post-info\">\n\t\t\t\t\n\t\t\t\t\t<h5 class=\"post-title\">\n\t\t\t\t\t\t<a href=\"https:\/\/www.laligue85.org\/fra\/blog\/2021\/01\/21\/rencontre-avec-cathy-ytak-et-thomas-scotto\/\">\n\t\t\t\t\t\t\tRencontre avec Cathy Ytak et Thomas Scotto\t\t\t\t\t\t<\/a>\n\t\t\t\t\t<\/h5>\n\t\t\t\t\t\n\t\t\t\t\t\t\t\n\t\t<ul class=\"post-meta\">\n\t\t\t<li>\n\t\t\t\tBy \n\t\t\t\t<a class=\"meta-value\" href=\"https:\/\/www.laligue85.org\/fra\/blog\/author\/epiveteau\/\">epiveteau<\/a>\n\t\t\t<\/li>\n\t\t\t<li>\n\t\t\t\ton \n\t\t\t\t<span class=\"meta-value\">21 janvier 2021<\/span>\n\t\t\t<\/li>\n\t\t<\/ul>\n\t\t\n\t\t\t\t\t\n\t\t\t\t\t<div class=\"post-content post-excerpt\">\n\t\t\t\t\t\t<p><p>[vc_row][vc_column][vc_column_text]<span style=\"font-size: 10pt;\">En ce d\u00e9but d&rsquo;ann\u00e9e 2021, les b\u00e9n\u00e9voles Lire et Faire Lire ont...<\/p><a href=\"https:\/\/www.laligue85.org\/fra\/blog\/2021\/01\/21\/rencontre-avec-cathy-ytak-et-thomas-scotto\/\" class=\"post-more\">Lire la suite<\/a>\t\t\n\t\t\t\t\t<\/div>\n\t\t\t\t\t\t\n\t\t\t\t<\/div>\n\t\t\t<\/div>\n\t\t<\/div>\t\n\t\t\t\t\t\t\t\n\t\t\t\t\t\n\t\t<div class=\"item post post-holder\">\n\n\t\t\t<div class=\"blog-item-inner\">\n\t\t\t\t\n\t\t\t\t\t\t\t\t\t\t\n\t\t\t\t\t\t<div class=\"post-medias\">\n\t\t\t\t\t\t\t<a href=\"https:\/\/www.laligue85.org\/fra\/blog\/2020\/12\/03\/rencontre-avec-clementine-sourdais\/\">\n\t\t\t\t\t\t\t\t<img decoding=\"async\" src=\"https:\/\/www.laligue85.org\/fra\/wp-content\/uploads\/2020\/12\/P1060098-600x420.jpg\" alt=\"Rencontre avec Cl\u00e9mentine Sourdais\">\n\t\t\t\t\t\t\t<\/a>\n\t\t\t\t\t\t<\/div>\n\t\t\t\t\t\t\n\t\t\t\t\t\t\n\t\t\t\t<div class=\"post-info\">\n\t\t\t\t\n\t\t\t\t\t<h5 class=\"post-title\">\n\t\t\t\t\t\t<a href=\"https:\/\/www.laligue85.org\/fra\/blog\/2020\/12\/03\/rencontre-avec-clementine-sourdais\/\">\n\t\t\t\t\t\t\tRencontre avec Cl\u00e9mentine Sourdais\t\t\t\t\t\t<\/a>\n\t\t\t\t\t<\/h5>\n\t\t\t\t\t\n\t\t\t\t\t\t\t\n\t\t<ul class=\"post-meta\">\n\t\t\t<li>\n\t\t\t\tBy \n\t\t\t\t<a class=\"meta-value\" href=\"https:\/\/www.laligue85.org\/fra\/blog\/author\/epiveteau\/\">epiveteau<\/a>\n\t\t\t<\/li>\n\t\t\t<li>\n\t\t\t\ton \n\t\t\t\t<span class=\"meta-value\">3 d\u00e9cembre 2020<\/span>\n\t\t\t<\/li>\n\t\t<\/ul>\n\t\t\n\t\t\t\t\t\n\t\t\t\t\t<div class=\"post-content post-excerpt\">\n\t\t\t\t\t\t<p><p>&nbsp;<\/p>\n<p>Pour d\u00e9buter cette nouvelle ann\u00e9e de lecture, le 26 novembre 2020 les b\u00e9n\u00e9voles de...<\/p><a href=\"https:\/\/www.laligue85.org\/fra\/blog\/2020\/12\/03\/rencontre-avec-clementine-sourdais\/\" class=\"post-more\">Lire la suite<\/a>\t\t\n\t\t\t\t\t<\/div>\n\t\t\t\t\t\t\n\t\t\t\t<\/div>\n\t\t\t<\/div>\n\t\t<\/div>\t\n\t\t\t\t\t\t\t\n\t\t\t\t\t\n\t\t<div class=\"item post post-holder\">\n\n\t\t\t<div class=\"blog-item-inner\">\n\t\t\t\t\n\t\t\t\t\t\t\t\t\t\t\n\t\t\t\t\t\t<div class=\"post-medias\">\n\t\t\t\t\t\t\t<a href=\"https:\/\/www.laligue85.org\/fra\/blog\/2019\/07\/05\/rencontre-litteraire-avec-thomas-lavachery\/\">\n\t\t\t\t\t\t\t\t<img decoding=\"async\" src=\"https:\/\/www.laligue85.org\/fra\/wp-content\/uploads\/2019\/05\/DSC_0006compress-1-600x420.jpg\" alt=\"Rencontre litt\u00e9raire avec Thomas Lavachery\">\n\t\t\t\t\t\t\t<\/a>\n\t\t\t\t\t\t<\/div>\n\t\t\t\t\t\t\n\t\t\t\t\t\t\n\t\t\t\t<div class=\"post-info\">\n\t\t\t\t\n\t\t\t\t\t<h5 class=\"post-title\">\n\t\t\t\t\t\t<a href=\"https:\/\/www.laligue85.org\/fra\/blog\/2019\/07\/05\/rencontre-litteraire-avec-thomas-lavachery\/\">\n\t\t\t\t\t\t\tRencontre litt\u00e9raire avec Thomas Lavachery\t\t\t\t\t\t<\/a>\n\t\t\t\t\t<\/h5>\n\t\t\t\t\t\n\t\t\t\t\t\t\t\n\t\t<ul class=\"post-meta\">\n\t\t\t<li>\n\t\t\t\tBy \n\t\t\t\t<a class=\"meta-value\" href=\"https:\/\/www.laligue85.org\/fra\/blog\/author\/webreporter\/\">webreporter<\/a>\n\t\t\t<\/li>\n\t\t\t<li>\n\t\t\t\ton \n\t\t\t\t<span class=\"meta-value\">5 juillet 2019<\/span>\n\t\t\t<\/li>\n\t\t<\/ul>\n\t\t\n\t\t\t\t\t\n\t\t\t\t\t<div class=\"post-content post-excerpt\">\n\t\t\t\t\t\t<p><p>&nbsp;<\/p>\n<p>Apr\u00e8s avoir fait la rencontre d&rsquo;Alfred le 7 Mars 2019, les b\u00e9n\u00e9voles de Lire...<\/p><a href=\"https:\/\/www.laligue85.org\/fra\/blog\/2019\/07\/05\/rencontre-litteraire-avec-thomas-lavachery\/\" class=\"post-more\">Lire la suite<\/a>\t\t\n\t\t\t\t\t<\/div>\n\t\t\t\t\t\t\n\t\t\t\t<\/div>\n\t\t\t<\/div>\n\t\t<\/div>\t\n\t\t\t\t\t\t\t\n\t\t\t\t\t\n\t\t<div class=\"item post post-holder\">\n\n\t\t\t<div class=\"blog-item-inner\">\n\t\t\t\t\n\t\t\t\t\t\t\t\t\t\t\n\t\t\t\t\t\t<div class=\"post-medias\">\n\t\t\t\t\t\t\t<a href=\"https:\/\/www.laligue85.org\/fra\/blog\/2019\/03\/11\/immersion-bd-rencontre-alfred\/\">\n\t\t\t\t\t\t\t\t<img decoding=\"async\" src=\"https:\/\/www.laligue85.org\/fra\/wp-content\/uploads\/2019\/03\/DSC_0044-600x420.jpg\" alt=\"Immersion dans la bande dessin\u00e9 &#8211; Rencontre avec Alfred\">\n\t\t\t\t\t\t\t<\/a>\n\t\t\t\t\t\t<\/div>\n\t\t\t\t\t\t\n\t\t\t\t\t\t\n\t\t\t\t<div class=\"post-info\">\n\t\t\t\t\n\t\t\t\t\t<h5 class=\"post-title\">\n\t\t\t\t\t\t<a href=\"https:\/\/www.laligue85.org\/fra\/blog\/2019\/03\/11\/immersion-bd-rencontre-alfred\/\">\n\t\t\t\t\t\t\tImmersion dans la bande dessin\u00e9 &#8211; Rencontre avec Alfred\t\t\t\t\t\t<\/a>\n\t\t\t\t\t<\/h5>\n\t\t\t\t\t\n\t\t\t\t\t\t\t\n\t\t<ul class=\"post-meta\">\n\t\t\t<li>\n\t\t\t\tBy \n\t\t\t\t<a class=\"meta-value\" href=\"https:\/\/www.laligue85.org\/fra\/blog\/author\/webreporter\/\">webreporter<\/a>\n\t\t\t<\/li>\n\t\t\t<li>\n\t\t\t\ton \n\t\t\t\t<span class=\"meta-value\">11 mars 2019<\/span>\n\t\t\t<\/li>\n\t\t<\/ul>\n\t\t\n\t\t\t\t\t\n\t\t\t\t\t<div class=\"post-content post-excerpt\">\n\t\t\t\t\t\t<p><h5>Formation Lire et faire lire : Rencontre avec Alfred<\/h5>\n<p>&nbsp;<\/p>\n<p>Osez la BD, venez d\u00e9couvrir et...<\/p><a href=\"https:\/\/www.laligue85.org\/fra\/blog\/2019\/03\/11\/immersion-bd-rencontre-alfred\/\" class=\"post-more\">Lire la suite<\/a>\t\t\n\t\t\t\t\t<\/div>\n\t\t\t\t\t\t\n\t\t\t\t<\/div>\n\t\t\t<\/div>\n\t\t<\/div>\t\n\t\t\t\t\t\t\t\n\t\t\t\t\t\n\t\t<div class=\"item post post-holder\">\n\n\t\t\t<div class=\"blog-item-inner\">\n\t\t\t\t\n\t\t\t\t\t\t\t\t\t\t\n\t\t\t\t\t\t<div class=\"post-medias\">\n\t\t\t\t\t\t\t<a href=\"https:\/\/www.laligue85.org\/fra\/blog\/2018\/12\/14\/formation-des-nouveaux-benevoles-lire-et-faire-lire\/\">\n\t\t\t\t\t\t\t\t<img decoding=\"async\" src=\"https:\/\/www.laligue85.org\/fra\/wp-content\/uploads\/2018\/12\/DSC_0024-bis-compress-600x420.jpg\" alt=\"Formation  &#8211; Accueil des nouveaux b\u00e9n\u00e9voles\">\n\t\t\t\t\t\t\t<\/a>\n\t\t\t\t\t\t<\/div>\n\t\t\t\t\t\t\n\t\t\t\t\t\t\n\t\t\t\t<div class=\"post-info\">\n\t\t\t\t\n\t\t\t\t\t<h5 class=\"post-title\">\n\t\t\t\t\t\t<a href=\"https:\/\/www.laligue85.org\/fra\/blog\/2018\/12\/14\/formation-des-nouveaux-benevoles-lire-et-faire-lire\/\">\n\t\t\t\t\t\t\tFormation  &#8211; Accueil des nouveaux b\u00e9n\u00e9voles\t\t\t\t\t\t<\/a>\n\t\t\t\t\t<\/h5>\n\t\t\t\t\t\n\t\t\t\t\t\t\t\n\t\t<ul class=\"post-meta\">\n\t\t\t<li>\n\t\t\t\tBy \n\t\t\t\t<a class=\"meta-value\" href=\"https:\/\/www.laligue85.org\/fra\/blog\/author\/webreporter\/\">webreporter<\/a>\n\t\t\t<\/li>\n\t\t\t<li>\n\t\t\t\ton \n\t\t\t\t<span class=\"meta-value\">14 d\u00e9cembre 2018<\/span>\n\t\t\t<\/li>\n\t\t<\/ul>\n\t\t\n\t\t\t\t\t\n\t\t\t\t\t<div class=\"post-content post-excerpt\">\n\t\t\t\t\t\t<p><h5>Une formation, des transmissions!<\/h5>\n<p>Chaque ann\u00e9e, la coordination d\u00e9partementale accueille et forme les nouveaux b\u00e9n\u00e9voles...<\/p><a href=\"https:\/\/www.laligue85.org\/fra\/blog\/2018\/12\/14\/formation-des-nouveaux-benevoles-lire-et-faire-lire\/\" class=\"post-more\">Lire la suite<\/a>\t\t\n\t\t\t\t\t<\/div>\n\t\t\t\t\t\t\n\t\t\t\t<\/div>\n\t\t\t<\/div>\n\t\t<\/div>\t\n\t\t\t\t\t\t\t\n\t\t\t\t\t\n\t\t<div class=\"item post post-holder\">\n\n\t\t\t<div class=\"blog-item-inner\">\n\t\t\t\t\n\t\t\t\t\t\t\t\t\t\t\n\t\t\t\t\t\t<div class=\"post-medias\">\n\t\t\t\t\t\t\t<a href=\"https:\/\/www.laligue85.org\/fra\/blog\/2018\/12\/06\/formation-lire-et-faire-lire\/\">\n\t\t\t\t\t\t\t\t<img decoding=\"async\" src=\"https:\/\/www.laligue85.org\/fra\/wp-content\/uploads\/2018\/11\/DSC_0335-BIS-comp-600x420.jpg\" alt=\"Formation &#8211; Gestion d&rsquo;un groupe d&rsquo;enfants\">\n\t\t\t\t\t\t\t<\/a>\n\t\t\t\t\t\t<\/div>\n\t\t\t\t\t\t\n\t\t\t\t\t\t\n\t\t\t\t<div class=\"post-info\">\n\t\t\t\t\n\t\t\t\t\t<h5 class=\"post-title\">\n\t\t\t\t\t\t<a href=\"https:\/\/www.laligue85.org\/fra\/blog\/2018\/12\/06\/formation-lire-et-faire-lire\/\">\n\t\t\t\t\t\t\tFormation &#8211; Gestion d&rsquo;un groupe d&rsquo;enfants\t\t\t\t\t\t<\/a>\n\t\t\t\t\t<\/h5>\n\t\t\t\t\t\n\t\t\t\t\t\t\t\n\t\t<ul class=\"post-meta\">\n\t\t\t<li>\n\t\t\t\tBy \n\t\t\t\t<a class=\"meta-value\" href=\"https:\/\/www.laligue85.org\/fra\/blog\/author\/webreporter\/\">webreporter<\/a>\n\t\t\t<\/li>\n\t\t\t<li>\n\t\t\t\ton \n\t\t\t\t<span class=\"meta-value\">6 d\u00e9cembre 2018<\/span>\n\t\t\t<\/li>\n\t\t<\/ul>\n\t\t\n\t\t\t\t\t\n\t\t\t\t\t<div class=\"post-content post-excerpt\">\n\t\t\t\t\t\t<p><p><strong>D\u00e9veloppement psychologique de l&rsquo;enfant et gestion d&rsquo;un groupe dans le cadre d&rsquo;une s\u00e9ance de...<\/p><a href=\"https:\/\/www.laligue85.org\/fra\/blog\/2018\/12\/06\/formation-lire-et-faire-lire\/\" class=\"post-more\">Lire la suite<\/a>\t\t\n\t\t\t\t\t<\/div>\n\t\t\t\t\t\t\n\t\t\t\t<\/div>\n\t\t\t<\/div>\n\t\t<\/div>\t\n\t\t\t\t\t\t\t\n\t\t\t\t\t\n\t\t<div class=\"item post post-holder\">\n\n\t\t\t<div class=\"blog-item-inner\">\n\t\t\t\t\n\t\t\t\t\n\t\t\t\t<div class=\"post-info\">\n\t\t\t\t\n\t\t\t\t\t<h5 class=\"post-title\">\n\t\t\t\t\t\t<a href=\"https:\/\/www.laligue85.org\/fra\/blog\/2018\/03\/28\/plan-de-formation-janvier-juin-2015-2\/\">\n\t\t\t\t\t\t\tPlan de formation des b\u00e9n\u00e9voles\t\t\t\t\t\t<\/a>\n\t\t\t\t\t<\/h5>\n\t\t\t\t\t\n\t\t\t\t\t\t\t\n\t\t<ul class=\"post-meta\">\n\t\t\t<li>\n\t\t\t\tBy \n\t\t\t\t<a class=\"meta-value\" href=\"https:\/\/www.laligue85.org\/fra\/blog\/author\/epiveteau\/\">epiveteau<\/a>\n\t\t\t<\/li>\n\t\t\t<li>\n\t\t\t\ton \n\t\t\t\t<span class=\"meta-value\">28 mars 2018<\/span>\n\t\t\t<\/li>\n\t\t<\/ul>\n\t\t\n\t\t\t\t\t\n\t\t\t\t\t<div class=\"post-content post-excerpt\">\n\t\t\t\t\t\t<p><p>[vc_row][vc_column][vc_column_text]<span style=\"color: #ffffff;\">gfgghj<\/span><\/p>\n<p><span style=\"color: #ffffff;\">gfjtgjyj<\/span><\/p>\n<p style=\"text-align: justify;\"><span style=\"line-height: 1.3em;\">Depuis la mise en place du...<\/p><a href=\"https:\/\/www.laligue85.org\/fra\/blog\/2018\/03\/28\/plan-de-formation-janvier-juin-2015-2\/\" class=\"post-more\">Lire la suite<\/a>\t\t\n\t\t\t\t\t<\/div>\n\t\t\t\t\t\t\n\t\t\t\t<\/div>\n\t\t\t<\/div>\n\t\t<\/div>\t\n\t\t\t\t\t\t\t\n\t\t\t\t\t\n\t\t<div class=\"item post post-holder\">\n\n\t\t\t<div class=\"blog-item-inner\">\n\t\t\t\t\n\t\t\t\t\n\t\t\t\t<div class=\"post-info\">\n\t\t\t\t\n\t\t\t\t\t<h5 class=\"post-title\">\n\t\t\t\t\t\t<a href=\"https:\/\/www.laligue85.org\/fra\/blog\/2017\/05\/30\/retours-des-formations-2\/\">\n\t\t\t\t\t\t\tRetours des formations\t\t\t\t\t\t<\/a>\n\t\t\t\t\t<\/h5>\n\t\t\t\t\t\n\t\t\t\t\t\t\t\n\t\t<ul class=\"post-meta\">\n\t\t\t<li>\n\t\t\t\tBy \n\t\t\t\t<a class=\"meta-value\" href=\"https:\/\/www.laligue85.org\/fra\/blog\/author\/epiveteau\/\">epiveteau<\/a>\n\t\t\t<\/li>\n\t\t\t<li>\n\t\t\t\ton \n\t\t\t\t<span class=\"meta-value\">30 mai 2017<\/span>\n\t\t\t<\/li>\n\t\t<\/ul>\n\t\t\n\t\t\t\t\t\n\t\t\t\t\t<div class=\"post-content post-excerpt\">\n\t\t\t\t\t\t<p><p>Vous trouverez ci-dessous la liste des comptes rendus des formations \u00e0 destination des b\u00e9n\u00e9voles...<\/p><a href=\"https:\/\/www.laligue85.org\/fra\/blog\/2017\/05\/30\/retours-des-formations-2\/\" class=\"post-more\">Lire la suite<\/a>\t\t\n\t\t\t\t\t<\/div>\n\t\t\t\t\t\t\n\t\t\t\t<\/div>\n\t\t\t<\/div>\n\t\t<\/div>\t\n\t\t\t\t\t\t\t\n\t\t<\/div><\/div>[\/vc_column][\/vc_row]<\/p>\n","protected":false},"excerpt":{"rendered":"<p>Vous trouverez ci-dessous la liste des comptes rendus des formations \u00e0 destination des b\u00e9n\u00e9voles Lire et Faire Lire.<\/p>\n<h1>1\/ Litt\u00e9rature jeunesse<\/h1>\n<p><strong>Avoir des rep\u00e8res en litt\u00e9rature jeunesse<\/strong><\/p>\n<ul>\n<li><a href=\"http:\/\/www.laligue85.org\/fra\/pdf\/lfl\/formation\/2020\/Compte%20rendu%20Initiation%20%C3%A0%20la%20litt%C3%A9rature%20jeunesse%2018.11.pdf\" class=\"mtli_attachment mtli_pdf\">Compte rendu formation avec la librairie Au Chat Lent<\/a><\/li>\n<\/ul>\n<p><strong>La diff\u00e9rence d&rsquo;origine en litt\u00e9rature jeunesse : quelles repr\u00e9sentations de la part des maisons d&rsquo;\u00e9ditions ?\u00a0<\/strong><\/p>\n<ul>\n<li><a href=\"http:\/\/www.laligue85.org\/fra\/pdf\/lfl\/formation\/CR-difference-origine-mars-2018.pdf\" class=\"mtli_attachment mtli_pdf\">Compte rendu<\/a><\/li>\n<li><a href=\"http:\/\/www.laligue85.org\/fra\/pdf\/lfl\/formation\/bibliographie-difference-origine-mars2018.pdf\" class=\"mtli_attachment mtli_pdf\">Bibliographie<\/a><\/li>\n<\/ul>\n<p><strong>Le handicap : quelle image v\u00e9hicul\u00e9e par la litt\u00e9rature jeunesse ?<\/strong><\/p>\n<ul>\n<li><a href=\"http:\/\/www.laligue85.org\/fra\/pdf\/lfl\/formation\/CR-formatin-handicap-en-litte-jeunesse.pdf\" class=\"mtli_attachment mtli_pdf\">Compte rendu<\/a><\/li>\n<li><a href=\"http:\/\/www.laligue85.org\/fra\/pdf\/lfl\/formation\/bibliographie-handicap.pdf\" class=\"mtli_attachment mtli_pdf\">Bibliographie<\/a><\/li>\n<\/ul>\n<p><strong>La litt\u00e9rature jeunesse engag\u00e9e<\/strong><\/p>\n<ul>\n<li><a href=\"http:\/\/www.laligue85.org\/fra\/pdf\/lfl\/formation\/CR-litterature-engagee-avril2018.pdf\" class=\"mtli_attachment mtli_pdf\">Compte rendu<\/a><\/li>\n<\/ul>\n<p><strong>Quelles repr\u00e9sentations fille\/gar\u00e7on dans la litt\u00e9rature jeunesse ?<\/strong><\/p>\n<ul>\n<li><a href=\"http:\/\/www.laligue85.org\/fra\/pdf\/lfl\/formation\/CR-genre-en-litte-jeunesse.pdf\" class=\"mtli_attachment mtli_pdf\">Compte rendu<\/a><\/li>\n<\/ul>\n<p><strong>Du conte traditionnel au conte d\u00e9tourn\u00e9<\/strong><\/p>\n<ul>\n<li><a href=\"http:\/\/www.laligue85.org\/fra\/pdf\/lfl\/formation\/CR-du-conte-traditionnel-au-conte-detourne.pdf\" class=\"mtli_attachment mtli_pdf\">Compte rendu<\/a><\/li>\n<li><a href=\"http:\/\/www.laligue85.org\/fra\/pdf\/lfl\/formation\/biblio-contes-tradi-aux-contes-detournes.pdf\" class=\"mtli_attachment mtli_pdf\">Bibliographie s\u00e9lective<\/a><\/li>\n<\/ul>\n<h1>2\/ Place et r\u00f4le du b\u00e9n\u00e9vole<\/h1>\n<p><strong>Gestion d&rsquo;un groupe d&rsquo;enfants dans le cadre des lectures\u00a0<\/strong><\/p>\n<ul>\n<li><a href=\"http:\/\/www.laligue85.org\/fra\/pdf\/lfl\/formation\/CR-gestion-dun-groupe-denfants-2017.pdf\" class=\"mtli_attachment mtli_pdf\">Compte rendu 1<\/a><\/li>\n<li><a href=\"http:\/\/www.laligue85.org\/fra\/pdf\/lfl\/formation\/2020\/gestion-dun-groupe-denfant-cr-2019.pdf\" class=\"mtli_attachment mtli_pdf\">Compte rendu 2<\/a><\/li>\n<li><a href=\"http:\/\/livres-adaptes-au-developpement-de-lenfant-cr2019.pdf\" class=\"mtli_attachment mtli_pdf\">Rechercher des livres adapt\u00e9s au d\u00e9veloppement de l&rsquo;enfant<\/a><\/li>\n<li><a href=\"http:\/\/www.laligue85.org\/fra\/pdf\/lfl\/formation\/2020\/biblio-des-livres-qui-aident-a-grandir.pdf\" class=\"mtli_attachment mtli_pdf\">Bibliographie : des livres qui aident \u00e0 grandir<\/a><\/li>\n<\/ul>\n<p><strong>La la\u00efcit\u00e9 : un outil pour cultiver la mixit\u00e9<\/strong><\/p>\n<ul>\n<li><a href=\"http:\/\/www.laligue85.org\/fra\/pdf\/lfl\/formation\/CR-formation-laicite2018.pdf\" class=\"mtli_attachment mtli_pdf\">Compte rendu<\/a><\/li>\n<li><a href=\"http:\/\/www.laligue85.org\/fra\/pdf\/lfl\/formation\/biblio-laicite.pdf\" class=\"mtli_attachment mtli_pdf\">Bibliographie<\/a><\/li>\n<\/ul>\n<h1>3\/ Rencontres d&rsquo;auteurs et d&rsquo;illustrateurs<\/h1>\n<p><strong>A la d\u00e9couverte de la BD adulte : rencontre avec Matthias Lehmann<\/strong><\/p>\n<p>https:\/\/www.youtube.com\/watch?v=KsIUK_aqkzk&hellip;<\/p>","protected":false},"author":2,"featured_media":0,"comment_status":"closed","ping_status":"open","sticky":false,"template":"","format":"standard","meta":{"jetpack_post_was_ever_published":false,"footnotes":"","jetpack_publicize_message":"","jetpack_is_tweetstorm":false,"jetpack_publicize_feature_enabled":true,"jetpack_social_post_already_shared":true,"jetpack_social_options":[]},"categories":[178,160],"tags":[276,271,277,274,275,273],"class_list":["post-1726","post","type-post","status-publish","format-standard","hentry","category-formations-lire-et-faire-lire","category-lire-et-faire-lire","tag-benevole","tag-formation","tag-jeunesse","tag-lecture","tag-lire-et-faire-lire","tag-outils-pedagogiques"],"jetpack_publicize_connections":[],"yoast_head":"<!-- This site is optimized with the Yoast SEO plugin v20.0 - https:\/\/yoast.com\/wordpress\/plugins\/seo\/ -->\n<title>Plan de formation des b\u00e9n\u00e9voles - La Ligue de l&#039;Enseignement de Vend\u00e9e<\/title>\n<meta name=\"robots\" content=\"index, follow, max-snippet:-1, max-image-preview:large, max-video-preview:-1\" \/>\n<link rel=\"canonical\" href=\"http:\/\/www.laligue85.org\/fra\/blog\/2018\/03\/28\/plan-de-formation-janvier-juin-2015-2\/\" \/>\n<meta property=\"og:locale\" content=\"fr_FR\" \/>\n<meta property=\"og:type\" content=\"article\" \/>\n<meta property=\"og:title\" content=\"Plan de formation des b\u00e9n\u00e9voles - La Ligue de l&#039;Enseignement de Vend\u00e9e\" \/>\n<meta property=\"og:description\" content=\"Vous trouverez ci-dessous la liste des comptes rendus des formations \u00e0 destination des b\u00e9n\u00e9voles Lire et Faire Lire. 1\/ Litt\u00e9rature jeunesse Avoir des rep\u00e8res en litt\u00e9rature jeunesse Compte rendu formation avec la librairie Au Chat Lent La diff\u00e9rence d&rsquo;origine en litt\u00e9rature jeunesse : quelles repr\u00e9sentations de la part des maisons d&rsquo;\u00e9ditions ?\u00a0 Compte rendu Bibliographie Le handicap : quelle image v\u00e9hicul\u00e9e par la litt\u00e9rature jeunesse ? Compte rendu Bibliographie La litt\u00e9rature jeunesse engag\u00e9e Compte rendu Quelles repr\u00e9sentations fille\/gar\u00e7on dans la litt\u00e9rature jeunesse ? Compte rendu Du conte traditionnel au conte d\u00e9tourn\u00e9 Compte rendu Bibliographie s\u00e9lective 2\/ Place et r\u00f4le du b\u00e9n\u00e9vole Gestion d&rsquo;un groupe d&rsquo;enfants dans le cadre des lectures\u00a0 Compte rendu 1 Compte rendu 2 Rechercher des livres adapt\u00e9s au d\u00e9veloppement de l&rsquo;enfant Bibliographie : des livres qui aident \u00e0 grandir La la\u00efcit\u00e9 : un outil pour cultiver la mixit\u00e9 Compte rendu Bibliographie 3\/ Rencontres d&rsquo;auteurs et d&rsquo;illustrateurs A la d\u00e9couverte de la BD adulte : rencontre avec Matthias Lehmann https:\/\/www.youtube.com\/watch?v=KsIUK_aqkzk&hellip;\" \/>\n<meta property=\"og:url\" content=\"http:\/\/www.laligue85.org\/fra\/blog\/2018\/03\/28\/plan-de-formation-janvier-juin-2015-2\/\" \/>\n<meta property=\"og:site_name\" content=\"La Ligue de l&#039;Enseignement de Vend\u00e9e\" \/>\n<meta property=\"article:published_time\" content=\"2018-03-28T13:00:00+00:00\" \/>\n<meta property=\"article:modified_time\" content=\"2024-01-26T16:30:10+00:00\" \/>\n<meta name=\"author\" content=\"epiveteau\" \/>\n<meta name=\"twitter:card\" content=\"summary_large_image\" \/>\n<meta name=\"twitter:label1\" content=\"\u00c9crit par\" \/>\n\t<meta name=\"twitter:data1\" content=\"epiveteau\" \/>\n\t<meta name=\"twitter:label2\" content=\"Dur\u00e9e de lecture estim\u00e9e\" \/>\n\t<meta name=\"twitter:data2\" content=\"2 minutes\" \/>\n<script type=\"application\/ld+json\" class=\"yoast-schema-graph\">{\"@context\":\"https:\/\/schema.org\",\"@graph\":[{\"@type\":\"WebPage\",\"@id\":\"http:\/\/www.laligue85.org\/fra\/blog\/2018\/03\/28\/plan-de-formation-janvier-juin-2015-2\/\",\"url\":\"http:\/\/www.laligue85.org\/fra\/blog\/2018\/03\/28\/plan-de-formation-janvier-juin-2015-2\/\",\"name\":\"Plan de formation des b\u00e9n\u00e9voles - La Ligue de l&#039;Enseignement de Vend\u00e9e\",\"isPartOf\":{\"@id\":\"http:\/\/www.laligue85.org\/fra\/#website\"},\"datePublished\":\"2018-03-28T13:00:00+00:00\",\"dateModified\":\"2024-01-26T16:30:10+00:00\",\"author\":{\"@id\":\"http:\/\/www.laligue85.org\/fra\/#\/schema\/person\/45271b6e75b5943f21d354872a5c1a2e\"},\"breadcrumb\":{\"@id\":\"http:\/\/www.laligue85.org\/fra\/blog\/2018\/03\/28\/plan-de-formation-janvier-juin-2015-2\/#breadcrumb\"},\"inLanguage\":\"fr-FR\",\"potentialAction\":[{\"@type\":\"ReadAction\",\"target\":[\"http:\/\/www.laligue85.org\/fra\/blog\/2018\/03\/28\/plan-de-formation-janvier-juin-2015-2\/\"]}]},{\"@type\":\"BreadcrumbList\",\"@id\":\"http:\/\/www.laligue85.org\/fra\/blog\/2018\/03\/28\/plan-de-formation-janvier-juin-2015-2\/#breadcrumb\",\"itemListElement\":[{\"@type\":\"ListItem\",\"position\":1,\"name\":\"Accueil\",\"item\":\"http:\/\/www.laligue85.org\/fra\/\"},{\"@type\":\"ListItem\",\"position\":2,\"name\":\"Plan de formation des b\u00e9n\u00e9voles\"}]},{\"@type\":\"WebSite\",\"@id\":\"http:\/\/www.laligue85.org\/fra\/#website\",\"url\":\"http:\/\/www.laligue85.org\/fra\/\",\"name\":\"La Ligue de l&#039;Enseignement de Vend\u00e9e\",\"description\":\"F\u00e9d\u00e9ration d&#039;\u00e9ducation populaire\",\"potentialAction\":[{\"@type\":\"SearchAction\",\"target\":{\"@type\":\"EntryPoint\",\"urlTemplate\":\"http:\/\/www.laligue85.org\/fra\/?s={search_term_string}\"},\"query-input\":\"required name=search_term_string\"}],\"inLanguage\":\"fr-FR\"},{\"@type\":\"Person\",\"@id\":\"http:\/\/www.laligue85.org\/fra\/#\/schema\/person\/45271b6e75b5943f21d354872a5c1a2e\",\"name\":\"epiveteau\",\"image\":{\"@type\":\"ImageObject\",\"inLanguage\":\"fr-FR\",\"@id\":\"http:\/\/www.laligue85.org\/fra\/#\/schema\/person\/image\/\",\"url\":\"https:\/\/secure.gravatar.com\/avatar\/7fedac7ddc713994f9815c37f877ecb7?s=96&d=mm&r=g\",\"contentUrl\":\"https:\/\/secure.gravatar.com\/avatar\/7fedac7ddc713994f9815c37f877ecb7?s=96&d=mm&r=g\",\"caption\":\"epiveteau\"},\"url\":\"https:\/\/www.laligue85.org\/fra\/blog\/author\/epiveteau\/\"}]}<\/script>\n<!-- \/ Yoast SEO plugin. -->","yoast_head_json":{"title":"Plan de formation des b\u00e9n\u00e9voles - La Ligue de l&#039;Enseignement de Vend\u00e9e","robots":{"index":"index","follow":"follow","max-snippet":"max-snippet:-1","max-image-preview":"max-image-preview:large","max-video-preview":"max-video-preview:-1"},"canonical":"http:\/\/www.laligue85.org\/fra\/blog\/2018\/03\/28\/plan-de-formation-janvier-juin-2015-2\/","og_locale":"fr_FR","og_type":"article","og_title":"Plan de formation des b\u00e9n\u00e9voles - La Ligue de l&#039;Enseignement de Vend\u00e9e","og_description":"Vous trouverez ci-dessous la liste des comptes rendus des formations \u00e0 destination des b\u00e9n\u00e9voles Lire et Faire Lire. 1\/ Litt\u00e9rature jeunesse Avoir des rep\u00e8res en litt\u00e9rature jeunesse Compte rendu formation avec la librairie Au Chat Lent La diff\u00e9rence d&rsquo;origine en litt\u00e9rature jeunesse : quelles repr\u00e9sentations de la part des maisons d&rsquo;\u00e9ditions ?\u00a0 Compte rendu Bibliographie Le handicap : quelle image v\u00e9hicul\u00e9e par la litt\u00e9rature jeunesse ? Compte rendu Bibliographie La litt\u00e9rature jeunesse engag\u00e9e Compte rendu Quelles repr\u00e9sentations fille\/gar\u00e7on dans la litt\u00e9rature jeunesse ? Compte rendu Du conte traditionnel au conte d\u00e9tourn\u00e9 Compte rendu Bibliographie s\u00e9lective 2\/ Place et r\u00f4le du b\u00e9n\u00e9vole Gestion d&rsquo;un groupe d&rsquo;enfants dans le cadre des lectures\u00a0 Compte rendu 1 Compte rendu 2 Rechercher des livres adapt\u00e9s au d\u00e9veloppement de l&rsquo;enfant Bibliographie : des livres qui aident \u00e0 grandir La la\u00efcit\u00e9 : un outil pour cultiver la mixit\u00e9 Compte rendu Bibliographie 3\/ Rencontres d&rsquo;auteurs et d&rsquo;illustrateurs A la d\u00e9couverte de la BD adulte : rencontre avec Matthias Lehmann https:\/\/www.youtube.com\/watch?v=KsIUK_aqkzk&hellip;","og_url":"http:\/\/www.laligue85.org\/fra\/blog\/2018\/03\/28\/plan-de-formation-janvier-juin-2015-2\/","og_site_name":"La Ligue de l&#039;Enseignement de Vend\u00e9e","article_published_time":"2018-03-28T13:00:00+00:00","article_modified_time":"2024-01-26T16:30:10+00:00","author":"epiveteau","twitter_card":"summary_large_image","twitter_misc":{"\u00c9crit par":"epiveteau","Dur\u00e9e de lecture estim\u00e9e":"2 minutes"},"schema":{"@context":"https:\/\/schema.org","@graph":[{"@type":"WebPage","@id":"http:\/\/www.laligue85.org\/fra\/blog\/2018\/03\/28\/plan-de-formation-janvier-juin-2015-2\/","url":"http:\/\/www.laligue85.org\/fra\/blog\/2018\/03\/28\/plan-de-formation-janvier-juin-2015-2\/","name":"Plan de formation des b\u00e9n\u00e9voles - La Ligue de l&#039;Enseignement de Vend\u00e9e","isPartOf":{"@id":"http:\/\/www.laligue85.org\/fra\/#website"},"datePublished":"2018-03-28T13:00:00+00:00","dateModified":"2024-01-26T16:30:10+00:00","author":{"@id":"http:\/\/www.laligue85.org\/fra\/#\/schema\/person\/45271b6e75b5943f21d354872a5c1a2e"},"breadcrumb":{"@id":"http:\/\/www.laligue85.org\/fra\/blog\/2018\/03\/28\/plan-de-formation-janvier-juin-2015-2\/#breadcrumb"},"inLanguage":"fr-FR","potentialAction":[{"@type":"ReadAction","target":["http:\/\/www.laligue85.org\/fra\/blog\/2018\/03\/28\/plan-de-formation-janvier-juin-2015-2\/"]}]},{"@type":"BreadcrumbList","@id":"http:\/\/www.laligue85.org\/fra\/blog\/2018\/03\/28\/plan-de-formation-janvier-juin-2015-2\/#breadcrumb","itemListElement":[{"@type":"ListItem","position":1,"name":"Accueil","item":"http:\/\/www.laligue85.org\/fra\/"},{"@type":"ListItem","position":2,"name":"Plan de formation des b\u00e9n\u00e9voles"}]},{"@type":"WebSite","@id":"http:\/\/www.laligue85.org\/fra\/#website","url":"http:\/\/www.laligue85.org\/fra\/","name":"La Ligue de l&#039;Enseignement de Vend\u00e9e","description":"F\u00e9d\u00e9ration d&#039;\u00e9ducation populaire","potentialAction":[{"@type":"SearchAction","target":{"@type":"EntryPoint","urlTemplate":"http:\/\/www.laligue85.org\/fra\/?s={search_term_string}"},"query-input":"required name=search_term_string"}],"inLanguage":"fr-FR"},{"@type":"Person","@id":"http:\/\/www.laligue85.org\/fra\/#\/schema\/person\/45271b6e75b5943f21d354872a5c1a2e","name":"epiveteau","image":{"@type":"ImageObject","inLanguage":"fr-FR","@id":"http:\/\/www.laligue85.org\/fra\/#\/schema\/person\/image\/","url":"https:\/\/secure.gravatar.com\/avatar\/7fedac7ddc713994f9815c37f877ecb7?s=96&d=mm&r=g","contentUrl":"https:\/\/secure.gravatar.com\/avatar\/7fedac7ddc713994f9815c37f877ecb7?s=96&d=mm&r=g","caption":"epiveteau"},"url":"https:\/\/www.laligue85.org\/fra\/blog\/author\/epiveteau\/"}]}},"jetpack_featured_media_url":"","jetpack_shortlink":"https:\/\/wp.me\/p9Chnq-rQ","_links":{"self":[{"href":"https:\/\/www.laligue85.org\/fra\/wp-json\/wp\/v2\/posts\/1726","targetHints":{"allow":["GET"]}}],"collection":[{"href":"https:\/\/www.laligue85.org\/fra\/wp-json\/wp\/v2\/posts"}],"about":[{"href":"https:\/\/www.laligue85.org\/fra\/wp-json\/wp\/v2\/types\/post"}],"author":[{"embeddable":true,"href":"https:\/\/www.laligue85.org\/fra\/wp-json\/wp\/v2\/users\/2"}],"replies":[{"embeddable":true,"href":"https:\/\/www.laligue85.org\/fra\/wp-json\/wp\/v2\/comments?post=1726"}],"version-history":[{"count":32,"href":"https:\/\/www.laligue85.org\/fra\/wp-json\/wp\/v2\/posts\/1726\/revisions"}],"predecessor-version":[{"id":14017,"href":"https:\/\/www.laligue85.org\/fra\/wp-json\/wp\/v2\/posts\/1726\/revisions\/14017"}],"wp:attachment":[{"href":"https:\/\/www.laligue85.org\/fra\/wp-json\/wp\/v2\/media?parent=1726"}],"wp:term":[{"taxonomy":"category","embeddable":true,"href":"https:\/\/www.laligue85.org\/fra\/wp-json\/wp\/v2\/categories?post=1726"},{"taxonomy":"post_tag","embeddable":true,"href":"https:\/\/www.laligue85.org\/fra\/wp-json\/wp\/v2\/tags?post=1726"}],"curies":[{"name":"wp","href":"https:\/\/api.w.org\/{rel}","templated":true}]}}