{"id":51,"date":"2007-11-07T13:38:32","date_gmt":"2007-11-07T12:38:32","guid":{"rendered":"http:\/\/www.laligue85.org\/fra\/blog\/2007\/11\/07\/la-ligue-de-l-enseignement\/"},"modified":"2018-07-05T14:39:48","modified_gmt":"2018-07-05T12:39:48","slug":"la-ligue-de-l-enseignement","status":"publish","type":"post","link":"https:\/\/www.laligue85.org\/fra\/blog\/2007\/11\/07\/la-ligue-de-l-enseignement\/","title":{"rendered":"Notre mouvement"},"content":{"rendered":"<p><em>Bienvenue \u00e0 la Ligue de l\u2019enseignement<\/em><\/p>\n<p>Mouvement d\u2019\u00e9ducation populaire cr\u00e9\u00e9 en 1866, la Ligue est aujourd\u2019hui la premi\u00e8re coordination associative fran\u00e7aise, forte de pr\u00e8s de 30 000 associations, de ses 1,6 million d\u2019adh\u00e9rents et de ses 102 f\u00e9d\u00e9rations d\u00e9partementales.<br \/>\nPlus qu\u2019une simple observatrice des \u00e9volutions de la soci\u00e9t\u00e9, elle encourage toutes les initiatives individuelles et collectives qui d\u00e9veloppent l\u2019\u00e9ducation et la formation tout au long de la vie, la culture et le sport pour tous, les vacances pour le plus grand nombre\u2026<\/p>\n<p><iframe loading=\"lazy\" title=\"Pr\u00e9sentation de la Ligue de l&#039;enseignement\" width=\"500\" height=\"281\" src=\"https:\/\/www.youtube.com\/embed\/c_0LFgaGn7Y?feature=oembed\" frameborder=\"0\" allow=\"accelerometer; autoplay; clipboard-write; encrypted-media; gyroscope; picture-in-picture; web-share\" referrerpolicy=\"strict-origin-when-cross-origin\" allowfullscreen><\/iframe><\/p>\n<p><em>La Ligue : des valeurs et des id\u00e9es&#8230;<\/em><\/p>\n<p>Depuis sa cr\u00e9ation il y a 150 ans la Ligue fait le pari de l\u2019intelligence des citoyens et de la recherche de la concorde pour accompagner les \u00e9volutions de la soci\u00e9t\u00e9 et perfectionner la R\u00e9publique et la d\u00e9mocratie. C\u2019est le sens de son engagement pour la la\u00efcit\u00e9, la citoyennet\u00e9, l\u2019\u00e9ducation et la justice sociale indissociables dans ses combats.<\/p>\n<p><a href=\"http:\/\/laligue.org\/\" target=\"_blank\" rel=\"noopener\">Site web de la Ligue de l&rsquo;enseignement<\/a><\/p>\n<p><!--more--><\/p>\n<h4><strong>Une union r\u00e9gionale : La Ligue de l&rsquo;enseignement des Pays de la Loire<\/strong><\/h4>\n<p><a href=\"http:\/\/www.laliguepaysdelaloire.org\/fr\/index.php\" target=\"_blank\" rel=\"noopener\"><img loading=\"lazy\" decoding=\"async\" src=\"https:\/\/www.laligue44.org\/images\/ARTICLES\/ligue-de-lenseignement-des-pays-de-la-loire.jpg\" alt=\"ligue de lenseignement des pays de la loire\" width=\"150\" height=\"79\" \/><\/a>La Ligue de l&rsquo;Enseignement des Pays de la Loire est l&rsquo;Union des F\u00e9d\u00e9rations des Amicales, Associations et Oeuvres La\u00efques des d\u00e9partements du Maine-et-Loire &#8211;\u00a0<a href=\"http:\/\/www.fol49.org\/laligue49\/\" target=\"_blank\" rel=\"noopener\">FOL 49<\/a>, de la Mayenne &#8211;\u00a0<a href=\"http:\/\/www.fal53.asso.fr\/fal53\/index.php\" target=\"_blank\" rel=\"noopener\">FAL 53<\/a>, de Loire-Atlantique, de Loire Atlantique &#8211;\u00a0<a href=\"https:\/\/www.laligue44.org\/\">FAL 44<\/a>\u00a0et de la Sarthe &#8211;\u00a0<a href=\"http:\/\/fal72.org\/laligue72\/\" target=\"_blank\" rel=\"noopener\">FAL 72<\/a>.<\/p>\n<p>Elle regroupe en r\u00e9gion pr\u00e8s de\u00a0<strong>1400 associations<\/strong>\u00a0et plus de\u00a0<strong>95 000 adh\u00e9rents<\/strong>.<\/p>\n<p><em>Une r\u00e9gionalisation progressive&#8230;<\/em><\/p>\n<p>Depuis plusieurs ann\u00e9es, les services de la Ligue en Pays de la Loire se structure autour d&rsquo;actions strat\u00e9giques exerc\u00e9es \u00e0 l&rsquo;\u00e9chelle r\u00e9gionnale, en partenariat avec les acteurs institutionnels territoriaux. Les actions culturels en mileu dits \u00a0\u00bb emp\u00each\u00e9s \u00a0\u00bb (centre penitentiers, centres de d\u00e9tention pour mineurs, prisons, etc.) constituent l&rsquo;axe phare de la Ligue Pays de la Loire.<\/p>\n<p><a href=\"http:\/\/www.laliguepaysdelaloire.org\/\" target=\"_blank\" rel=\"noopener\">Site web de la Ligue de l&rsquo;enseignement des Pays de la Loire (LPDL)<\/a><\/p>\n<h4><img loading=\"lazy\" decoding=\"async\" class=\"alignleft wp-image-3707 size-medium\" src=\"http:\/\/www.laligue85.org\/fra\/wp-content\/uploads\/2007\/11\/siege-fd-300x140.jpg\" alt=\"\" width=\"300\" height=\"140\" \/>Une f\u00e9d\u00e9ration d\u00e9partementale : La Ligue de l&rsquo;enseignement &#8211; F.O.L. Vend\u00e9e<\/h4>\n<p><strong>\u00ab\u00a0La\u00efque et ind\u00e9pendante\u00a0\u00bb<\/strong>, la Ligue de l\u2019enseignement r\u00e9unit des hommes et des femmes qui agissent au quotidien pour faire vivre la citoyennet\u00e9 en favorisant l\u2019acc\u00e8s de toutes et tous \u00e0 l\u2019\u00e9ducation, la culture, les loisirs et le sport.<\/p>\n<p>Des centaines de b\u00e9n\u00e9voles et de professionnels se mobilisent au quotidien au sein d\u2019une f\u00e9d\u00e9ration qui \u0153uvre pour l\u2019\u00e9conomie sociale et solidaire, \u00e0 travers divers domaines d\u2019activit\u00e9s : le mouvement d\u2019id\u00e9es, la vie associative, l\u2019\u00e9ducation, la jeunesse, la formation, les loisirs \u00e9ducatifs et le tourisme social.<\/p>\n<p>En Vend\u00e9e, la f\u00e9d\u00e9ration \u0153uvre aupr\u00e8s d\u2019un important r\u00e9seau d\u2019associations, d\u2019\u00e9tablissements scolaires et de collectivit\u00e9s locales.<\/p>\n<p>Chacun trouve au sein du r\u00e9seau l\u2019accompagnement et la formation n\u00e9cessaires pour concr\u00e9tiser ses initiatives et ses projets, pour se construire en tant que citoyen et pour \u00ab\u00a0Faire soci\u00e9t\u00e9\u00a0\u00bb. Tous refusent la r\u00e9signation et proposent une alternative au chacun pour soi.<\/p>\n<p><em><strong>L\u2019\u00c9ducation<\/strong><\/em><br \/>\nNotre f\u00e9d\u00e9ration est partenaire d\u00e9partementale de l\u2019\u00e9cole publique et des collectivit\u00e9s locales. En collaboration avec l\u2019Inspection Acad\u00e9mique et le Rectorat, nous mettons en \u0153uvre des actions p\u00e9dagogiques compl\u00e9mentaires de l\u2019\u00e9cole, du primaire au lyc\u00e9e.<\/p>\n<p><em><strong>La Formation<\/strong><\/em><br \/>\nL\u2019ambition de \u00ab Faire soci\u00e9t\u00e9 \u00bb passe par la transformation des individus gr\u00e2ce \u00e0 la formation tout au long de la vie. Nos actions de formation impliquent chaque citoyen et proposent des approches individualis\u00e9es, pour permettre \u00e0 toutes et tous d\u2019\u00eatre acteur de sa formation.<\/p>\n<p><em><strong>La Jeunesse<\/strong><\/em><br \/>\nSoutenir l\u2019initiative des jeunes, c\u2019est promouvoir leur engagement citoyen et favoriser leur engagement dans notre soci\u00e9t\u00e9. Avec les comp\u00e9tences que nous d\u00e9veloppons, nous accompagnons les jeunes d\u00e8s l\u2019\u00e2ge de 12 ans pour les aider \u00e0 d\u00e9velopper leurs projets.<\/p>\n<p><em><strong>Le Mouvement d\u2019id\u00e9es<\/strong><\/em><br \/>\nNotre ambition est de faire vivre le d\u00e9bat d\u2019id\u00e9es sur le territoire et de transmettre les valeurs que nous d\u00e9fendons : la la\u00efcit\u00e9, la citoyennet\u00e9 et la solidarit\u00e9. \u00ab Faire soci\u00e9t\u00e9 \u00bb est un enjeu soci\u00e9tal majeur pour la Ligue de l\u2019enseignement.<\/p>\n<p><em><strong>Le Tourisme social<\/strong><\/em><br \/>\nNotre activit\u00e9 de tourisme social, port\u00e9e par Vacances Pour Tous, propose une approche unique du tourisme en proposant \u00e0 chacun-ne de construire son propre projet. Avec des \u00e9quipes d\u2019animation form\u00e9es au sein du mouvement, notre offre est \u00ab 100 % Ligue de l\u2019enseignement \u00bb.<\/p>\n<p><em><strong>La Vie associative<\/strong><\/em><br \/>\nEn tant que partenaire des associations, nous en f\u00e9d\u00e9rons 240 sur le d\u00e9partement avec lesquelles nous portons des projets et mettons \u00e0 dispositions nos comp\u00e9tences en termes de d\u00e9veloppement associatif, pour permettre \u00e0 chacun.e de s\u2019\u00e9panouir dans son engagement citoyen. Avec l\u2019UFOLEP et l\u2019USEP, nous contribuons \u00e9galement \u00e0 l\u2019acc\u00e8s au sport \u00e0 toutes et tous avec des associations locales.<\/p>\n<h4>A consulter<\/h4>\n<ul>\n<li class=\"title style-scope ytd-video-primary-info-renderer\"><a href=\"https:\/\/www.youtube.com\/watch?v=DdsjvVZdnrs\">Documentaire La fabrique du citoyen, une histoire r\u00e9publicaine de la Ligue de l\u2019enseignement<\/a><\/li>\n<\/ul>\n","protected":false},"excerpt":{"rendered":"<p>Bienvenue \u00e0 la Ligue de l\u2019enseignement Mouvement d\u2019\u00e9ducation populaire cr\u00e9\u00e9 en 1866, la Ligue est aujourd\u2019hui la premi\u00e8re coordination associative fran\u00e7aise, forte de pr\u00e8s de 30 000 associations, de ses 1,6 million d\u2019adh\u00e9rents et de ses 102 f\u00e9d\u00e9rations d\u00e9partementales. Plus qu\u2019une simple observatrice des \u00e9volutions de la soci\u00e9t\u00e9, elle encourage [&hellip;]<\/p>\n","protected":false},"author":3,"featured_media":0,"comment_status":"closed","ping_status":"open","sticky":false,"template":"","format":"standard","meta":{"jetpack_post_was_ever_published":false,"footnotes":"","jetpack_publicize_message":"","jetpack_is_tweetstorm":false,"jetpack_publicize_feature_enabled":true,"jetpack_social_post_already_shared":true,"jetpack_social_options":[]},"categories":[14],"tags":[292,276,269,279,296],"class_list":["post-51","post","type-post","status-publish","format-standard","hentry","category-historique","tag-association","tag-benevole","tag-citoyennete","tag-engagement","tag-vie-associative"],"jetpack_publicize_connections":[],"yoast_head":"<!-- This site is optimized with the Yoast SEO plugin v20.0 - https:\/\/yoast.com\/wordpress\/plugins\/seo\/ -->\n<title>Notre mouvement - La Ligue de l&#039;Enseignement de Vend\u00e9e<\/title>\n<meta name=\"robots\" content=\"index, follow, max-snippet:-1, max-image-preview:large, max-video-preview:-1\" \/>\n<link rel=\"canonical\" href=\"https:\/\/www.laligue85.org\/fra\/blog\/2007\/11\/07\/la-ligue-de-l-enseignement\/\" \/>\n<meta property=\"og:locale\" content=\"fr_FR\" \/>\n<meta property=\"og:type\" content=\"article\" \/>\n<meta property=\"og:title\" content=\"Notre mouvement - La Ligue de l&#039;Enseignement de Vend\u00e9e\" \/>\n<meta property=\"og:description\" content=\"Bienvenue \u00e0 la Ligue de l\u2019enseignement Mouvement d\u2019\u00e9ducation populaire cr\u00e9\u00e9 en 1866, la Ligue est aujourd\u2019hui la premi\u00e8re coordination associative fran\u00e7aise, forte de pr\u00e8s de 30 000 associations, de ses 1,6 million d\u2019adh\u00e9rents et de ses 102 f\u00e9d\u00e9rations d\u00e9partementales. Plus qu\u2019une simple observatrice des \u00e9volutions de la soci\u00e9t\u00e9, elle encourage [&hellip;]\" \/>\n<meta property=\"og:url\" content=\"https:\/\/www.laligue85.org\/fra\/blog\/2007\/11\/07\/la-ligue-de-l-enseignement\/\" \/>\n<meta property=\"og:site_name\" content=\"La Ligue de l&#039;Enseignement de Vend\u00e9e\" \/>\n<meta property=\"article:published_time\" content=\"2007-11-07T12:38:32+00:00\" \/>\n<meta property=\"article:modified_time\" content=\"2018-07-05T12:39:48+00:00\" \/>\n<meta property=\"og:image\" content=\"https:\/\/www.laligue44.org\/images\/ARTICLES\/ligue-de-lenseignement-des-pays-de-la-loire.jpg\" \/>\n<meta name=\"author\" content=\"Administrator\" \/>\n<meta name=\"twitter:card\" content=\"summary_large_image\" \/>\n<meta name=\"twitter:label1\" content=\"\u00c9crit par\" \/>\n\t<meta name=\"twitter:data1\" content=\"pseudo\" \/>\n\t<meta name=\"twitter:label2\" content=\"Dur\u00e9e de lecture estim\u00e9e\" \/>\n\t<meta name=\"twitter:data2\" content=\"4 minutes\" \/>\n<script type=\"application\/ld+json\" class=\"yoast-schema-graph\">{\"@context\":\"https:\/\/schema.org\",\"@graph\":[{\"@type\":\"WebPage\",\"@id\":\"https:\/\/www.laligue85.org\/fra\/blog\/2007\/11\/07\/la-ligue-de-l-enseignement\/\",\"url\":\"https:\/\/www.laligue85.org\/fra\/blog\/2007\/11\/07\/la-ligue-de-l-enseignement\/\",\"name\":\"Notre mouvement - La Ligue de l&#039;Enseignement de Vend\u00e9e\",\"isPartOf\":{\"@id\":\"https:\/\/www.laligue85.org\/fra\/#website\"},\"datePublished\":\"2007-11-07T12:38:32+00:00\",\"dateModified\":\"2018-07-05T12:39:48+00:00\",\"author\":{\"@id\":\"https:\/\/www.laligue85.org\/fra\/#\/schema\/person\/40cfbe76f3c9613d228caa920f943845\"},\"breadcrumb\":{\"@id\":\"https:\/\/www.laligue85.org\/fra\/blog\/2007\/11\/07\/la-ligue-de-l-enseignement\/#breadcrumb\"},\"inLanguage\":\"fr-FR\",\"potentialAction\":[{\"@type\":\"ReadAction\",\"target\":[\"https:\/\/www.laligue85.org\/fra\/blog\/2007\/11\/07\/la-ligue-de-l-enseignement\/\"]}]},{\"@type\":\"BreadcrumbList\",\"@id\":\"https:\/\/www.laligue85.org\/fra\/blog\/2007\/11\/07\/la-ligue-de-l-enseignement\/#breadcrumb\",\"itemListElement\":[{\"@type\":\"ListItem\",\"position\":1,\"name\":\"Accueil\",\"item\":\"https:\/\/www.laligue85.org\/fra\/\"},{\"@type\":\"ListItem\",\"position\":2,\"name\":\"Notre mouvement\"}]},{\"@type\":\"WebSite\",\"@id\":\"https:\/\/www.laligue85.org\/fra\/#website\",\"url\":\"https:\/\/www.laligue85.org\/fra\/\",\"name\":\"La Ligue de l&#039;Enseignement de Vend\u00e9e\",\"description\":\"F\u00e9d\u00e9ration d&#039;\u00e9ducation populaire\",\"potentialAction\":[{\"@type\":\"SearchAction\",\"target\":{\"@type\":\"EntryPoint\",\"urlTemplate\":\"https:\/\/www.laligue85.org\/fra\/?s={search_term_string}\"},\"query-input\":\"required name=search_term_string\"}],\"inLanguage\":\"fr-FR\"},{\"@type\":\"Person\",\"@id\":\"https:\/\/www.laligue85.org\/fra\/#\/schema\/person\/40cfbe76f3c9613d228caa920f943845\",\"name\":\"Administrator\",\"image\":{\"@type\":\"ImageObject\",\"inLanguage\":\"fr-FR\",\"@id\":\"https:\/\/www.laligue85.org\/fra\/#\/schema\/person\/image\/\",\"url\":\"https:\/\/secure.gravatar.com\/avatar\/37bbabdbb7d40dbf611c45aef0561fb1?s=96&d=mm&r=g\",\"contentUrl\":\"https:\/\/secure.gravatar.com\/avatar\/37bbabdbb7d40dbf611c45aef0561fb1?s=96&d=mm&r=g\",\"caption\":\"Administrator\"},\"url\":\"https:\/\/www.laligue85.org\/fra\/blog\/author\/adminv15\/\"}]}<\/script>\n<!-- \/ Yoast SEO plugin. -->","yoast_head_json":{"title":"Notre mouvement - La Ligue de l&#039;Enseignement de Vend\u00e9e","robots":{"index":"index","follow":"follow","max-snippet":"max-snippet:-1","max-image-preview":"max-image-preview:large","max-video-preview":"max-video-preview:-1"},"canonical":"https:\/\/www.laligue85.org\/fra\/blog\/2007\/11\/07\/la-ligue-de-l-enseignement\/","og_locale":"fr_FR","og_type":"article","og_title":"Notre mouvement - La Ligue de l&#039;Enseignement de Vend\u00e9e","og_description":"Bienvenue \u00e0 la Ligue de l\u2019enseignement Mouvement d\u2019\u00e9ducation populaire cr\u00e9\u00e9 en 1866, la Ligue est aujourd\u2019hui la premi\u00e8re coordination associative fran\u00e7aise, forte de pr\u00e8s de 30 000 associations, de ses 1,6 million d\u2019adh\u00e9rents et de ses 102 f\u00e9d\u00e9rations d\u00e9partementales. Plus qu\u2019une simple observatrice des \u00e9volutions de la soci\u00e9t\u00e9, elle encourage [&hellip;]","og_url":"https:\/\/www.laligue85.org\/fra\/blog\/2007\/11\/07\/la-ligue-de-l-enseignement\/","og_site_name":"La Ligue de l&#039;Enseignement de Vend\u00e9e","article_published_time":"2007-11-07T12:38:32+00:00","article_modified_time":"2018-07-05T12:39:48+00:00","og_image":[{"url":"https:\/\/www.laligue44.org\/images\/ARTICLES\/ligue-de-lenseignement-des-pays-de-la-loire.jpg"}],"author":"Administrator","twitter_card":"summary_large_image","twitter_misc":{"\u00c9crit par":"pseudo","Dur\u00e9e de lecture estim\u00e9e":"4 minutes"},"schema":{"@context":"https:\/\/schema.org","@graph":[{"@type":"WebPage","@id":"https:\/\/www.laligue85.org\/fra\/blog\/2007\/11\/07\/la-ligue-de-l-enseignement\/","url":"https:\/\/www.laligue85.org\/fra\/blog\/2007\/11\/07\/la-ligue-de-l-enseignement\/","name":"Notre mouvement - La Ligue de l&#039;Enseignement de Vend\u00e9e","isPartOf":{"@id":"https:\/\/www.laligue85.org\/fra\/#website"},"datePublished":"2007-11-07T12:38:32+00:00","dateModified":"2018-07-05T12:39:48+00:00","author":{"@id":"https:\/\/www.laligue85.org\/fra\/#\/schema\/person\/40cfbe76f3c9613d228caa920f943845"},"breadcrumb":{"@id":"https:\/\/www.laligue85.org\/fra\/blog\/2007\/11\/07\/la-ligue-de-l-enseignement\/#breadcrumb"},"inLanguage":"fr-FR","potentialAction":[{"@type":"ReadAction","target":["https:\/\/www.laligue85.org\/fra\/blog\/2007\/11\/07\/la-ligue-de-l-enseignement\/"]}]},{"@type":"BreadcrumbList","@id":"https:\/\/www.laligue85.org\/fra\/blog\/2007\/11\/07\/la-ligue-de-l-enseignement\/#breadcrumb","itemListElement":[{"@type":"ListItem","position":1,"name":"Accueil","item":"https:\/\/www.laligue85.org\/fra\/"},{"@type":"ListItem","position":2,"name":"Notre mouvement"}]},{"@type":"WebSite","@id":"https:\/\/www.laligue85.org\/fra\/#website","url":"https:\/\/www.laligue85.org\/fra\/","name":"La Ligue de l&#039;Enseignement de Vend\u00e9e","description":"F\u00e9d\u00e9ration d&#039;\u00e9ducation populaire","potentialAction":[{"@type":"SearchAction","target":{"@type":"EntryPoint","urlTemplate":"https:\/\/www.laligue85.org\/fra\/?s={search_term_string}"},"query-input":"required name=search_term_string"}],"inLanguage":"fr-FR"},{"@type":"Person","@id":"https:\/\/www.laligue85.org\/fra\/#\/schema\/person\/40cfbe76f3c9613d228caa920f943845","name":"Administrator","image":{"@type":"ImageObject","inLanguage":"fr-FR","@id":"https:\/\/www.laligue85.org\/fra\/#\/schema\/person\/image\/","url":"https:\/\/secure.gravatar.com\/avatar\/37bbabdbb7d40dbf611c45aef0561fb1?s=96&d=mm&r=g","contentUrl":"https:\/\/secure.gravatar.com\/avatar\/37bbabdbb7d40dbf611c45aef0561fb1?s=96&d=mm&r=g","caption":"Administrator"},"url":"https:\/\/www.laligue85.org\/fra\/blog\/author\/adminv15\/"}]}},"jetpack_featured_media_url":"","jetpack_shortlink":"https:\/\/wp.me\/p9Chnq-P","_links":{"self":[{"href":"https:\/\/www.laligue85.org\/fra\/wp-json\/wp\/v2\/posts\/51","targetHints":{"allow":["GET"]}}],"collection":[{"href":"https:\/\/www.laligue85.org\/fra\/wp-json\/wp\/v2\/posts"}],"about":[{"href":"https:\/\/www.laligue85.org\/fra\/wp-json\/wp\/v2\/types\/post"}],"author":[{"embeddable":true,"href":"https:\/\/www.laligue85.org\/fra\/wp-json\/wp\/v2\/users\/3"}],"replies":[{"embeddable":true,"href":"https:\/\/www.laligue85.org\/fra\/wp-json\/wp\/v2\/comments?post=51"}],"version-history":[{"count":4,"href":"https:\/\/www.laligue85.org\/fra\/wp-json\/wp\/v2\/posts\/51\/revisions"}],"predecessor-version":[{"id":3712,"href":"https:\/\/www.laligue85.org\/fra\/wp-json\/wp\/v2\/posts\/51\/revisions\/3712"}],"wp:attachment":[{"href":"https:\/\/www.laligue85.org\/fra\/wp-json\/wp\/v2\/media?parent=51"}],"wp:term":[{"taxonomy":"category","embeddable":true,"href":"https:\/\/www.laligue85.org\/fra\/wp-json\/wp\/v2\/categories?post=51"},{"taxonomy":"post_tag","embeddable":true,"href":"https:\/\/www.laligue85.org\/fra\/wp-json\/wp\/v2\/tags?post=51"}],"curies":[{"name":"wp","href":"https:\/\/api.w.org\/{rel}","templated":true}]}}