{"id":544,"date":"2009-08-28T13:14:33","date_gmt":"2009-08-28T11:14:33","guid":{"rendered":"http:\/\/www.laligue85.org\/fra\/blog\/2009\/08\/28\/fol852\/"},"modified":"2018-07-05T14:39:48","modified_gmt":"2018-07-05T12:39:48","slug":"horaires","status":"publish","type":"post","link":"https:\/\/www.laligue85.org\/fra\/blog\/2009\/08\/28\/horaires\/","title":{"rendered":"Horaires et acc\u00e8s"},"content":{"rendered":"<h1 style=\"text-align: left\">LE SIEGE<\/h1>\n<p style=\"text-align: left\">La Ligue de l&rsquo;enseignement &#8211;<strong>\u00a0<\/strong>F.O.L. Vend\u00e9e &#8211; 41 rue Monge &#8211; BP 23 &#8211; 85001 LA ROCHE SUR YON Cedex<\/p>\n<p style=\"text-align: left\"><strong>Ouverture au public de la f\u00e9d\u00e9ration <\/strong> du lundi au vendredi de 9h \u00e0 12h30 et de 13h30 \u00e0 17h30<\/p>\n<p style=\"text-align: left\"><strong>Ouverture au public de l&rsquo;atelier costumes <\/strong> Lundi 13h \u00e0 17h. Mercredi de 9h \u00e0 12h et de 13h \u00e0 18h. Vendredi de 9h \u00e0 12h et de 13h \u00e0 19h. Ferm\u00e9 le mardi et le jeudi<\/p>\n<p style=\"text-align: center\">[googlemaps https:\/\/maps.google.fr\/maps?ie=UTF8&amp;cid=6669536694962622709&amp;q=F%C3%A9d%C3%A9ration+des+Oeuvres+La%C3%AFque+Vend%C3%A9e+F.O.L&amp;gl=FR&amp;hl=fr&amp;hq=F%C3%A9d%C3%A9ration+des+Oeuvres+La%C3%AFque+Vend%C3%A9e+F.O.L&amp;hnear=&amp;t=m&amp;source=embed&amp;ll=46.687308,-1.431956&amp;spn=0.004416,0.006437&amp;iwloc=A&amp;output=embed&amp;w=640&amp;h=480]<\/p>\n<h1 style=\"text-align: left\">LE TERRAIN D&rsquo;AVENTURES<\/h1>\n<p>C&rsquo;est ici que vous pourrez retrouver le service environnement et d\u00e9veloppement durable de la f\u00e9d\u00e9ration<\/p>\n<p style=\"text-align: left\">Rue des primev\u00e8res &#8211; 85 000 La Roche-sur-Yon<\/p>\n<h1 style=\"text-align: left\">LES CENTRES D\u2019H\u00c9BERGEMENTS<\/h1>\n<ul>\n<li>Le centre Les Lutins &#8211; All\u00e9e des Arbousiers &#8211; 85330 Noirmoutier en l&rsquo;\u00eele<\/li>\n<li>Le centre de voile du Vieil &#8211;\u00a024 Rue du Cloucq du Vieil, 85330 Noirmoutier-en-l&rsquo;\u00cele<\/li>\n<li>Le centre \u00ab\u00a0Le Fief du Moulin\u00a0\u00bb &#8211;\u00a09 Rue du Fief du Moulin, 85630 Barb\u00e2tre<\/li>\n<li>Le centre \u00ab\u00a0La Corniche\u00a0\u00bb &#8211;\u00a085 Avenue de la Corniche, 85270 Saint-Hilaire-de-Riez<\/li>\n<\/ul>\n","protected":false},"excerpt":{"rendered":"<p>LE SIEGE La Ligue de l&rsquo;enseignement &#8211;\u00a0F.O.L. Vend\u00e9e &#8211; 41 rue Monge &#8211; BP 23 &#8211; 85001 LA ROCHE SUR YON Cedex Ouverture au public de la f\u00e9d\u00e9ration du lundi au vendredi de 9h \u00e0 12h30 et de 13h30 \u00e0 17h30 Ouverture au public de l&rsquo;atelier costumes Lundi 13h \u00e0 [&hellip;]<\/p>\n","protected":false},"author":3,"featured_media":0,"comment_status":"closed","ping_status":"open","sticky":false,"template":"","format":"standard","meta":{"jetpack_post_was_ever_published":false,"footnotes":"","jetpack_publicize_message":"","jetpack_is_tweetstorm":false,"jetpack_publicize_feature_enabled":true,"jetpack_social_post_already_shared":true,"jetpack_social_options":[]},"categories":[134],"tags":[292],"class_list":["post-544","post","type-post","status-publish","format-standard","hentry","category-la-federation","tag-association"],"jetpack_publicize_connections":[],"yoast_head":"<!-- This site is optimized with the Yoast SEO plugin v20.0 - https:\/\/yoast.com\/wordpress\/plugins\/seo\/ -->\n<title>Horaires et acc\u00e8s - La Ligue de l&#039;Enseignement de Vend\u00e9e<\/title>\n<meta name=\"robots\" content=\"index, follow, max-snippet:-1, max-image-preview:large, max-video-preview:-1\" \/>\n<link rel=\"canonical\" href=\"https:\/\/www.laligue85.org\/fra\/blog\/2009\/08\/28\/horaires\/\" \/>\n<meta property=\"og:locale\" content=\"fr_FR\" \/>\n<meta property=\"og:type\" content=\"article\" \/>\n<meta property=\"og:title\" content=\"Horaires et acc\u00e8s - La Ligue de l&#039;Enseignement de Vend\u00e9e\" \/>\n<meta property=\"og:description\" content=\"LE SIEGE La Ligue de l&rsquo;enseignement &#8211;\u00a0F.O.L. Vend\u00e9e &#8211; 41 rue Monge &#8211; BP 23 &#8211; 85001 LA ROCHE SUR YON Cedex Ouverture au public de la f\u00e9d\u00e9ration du lundi au vendredi de 9h \u00e0 12h30 et de 13h30 \u00e0 17h30 Ouverture au public de l&rsquo;atelier costumes Lundi 13h \u00e0 [&hellip;]\" \/>\n<meta property=\"og:url\" content=\"https:\/\/www.laligue85.org\/fra\/blog\/2009\/08\/28\/horaires\/\" \/>\n<meta property=\"og:site_name\" content=\"La Ligue de l&#039;Enseignement de Vend\u00e9e\" \/>\n<meta property=\"article:published_time\" content=\"2009-08-28T11:14:33+00:00\" \/>\n<meta property=\"article:modified_time\" content=\"2018-07-05T12:39:48+00:00\" \/>\n<meta name=\"author\" content=\"Administrator\" \/>\n<meta name=\"twitter:card\" content=\"summary_large_image\" \/>\n<meta name=\"twitter:label1\" content=\"\u00c9crit par\" \/>\n\t<meta name=\"twitter:data1\" content=\"Administrator\" \/>\n\t<meta name=\"twitter:label2\" content=\"Dur\u00e9e de lecture estim\u00e9e\" \/>\n\t<meta name=\"twitter:data2\" content=\"1 minute\" \/>\n<script type=\"application\/ld+json\" class=\"yoast-schema-graph\">{\"@context\":\"https:\/\/schema.org\",\"@graph\":[{\"@type\":\"WebPage\",\"@id\":\"https:\/\/www.laligue85.org\/fra\/blog\/2009\/08\/28\/horaires\/\",\"url\":\"https:\/\/www.laligue85.org\/fra\/blog\/2009\/08\/28\/horaires\/\",\"name\":\"Horaires et acc\u00e8s - La Ligue de l&#039;Enseignement de Vend\u00e9e\",\"isPartOf\":{\"@id\":\"http:\/\/www.laligue85.org\/fra\/#website\"},\"datePublished\":\"2009-08-28T11:14:33+00:00\",\"dateModified\":\"2018-07-05T12:39:48+00:00\",\"author\":{\"@id\":\"http:\/\/www.laligue85.org\/fra\/#\/schema\/person\/40cfbe76f3c9613d228caa920f943845\"},\"breadcrumb\":{\"@id\":\"https:\/\/www.laligue85.org\/fra\/blog\/2009\/08\/28\/horaires\/#breadcrumb\"},\"inLanguage\":\"fr-FR\",\"potentialAction\":[{\"@type\":\"ReadAction\",\"target\":[\"https:\/\/www.laligue85.org\/fra\/blog\/2009\/08\/28\/horaires\/\"]}]},{\"@type\":\"BreadcrumbList\",\"@id\":\"https:\/\/www.laligue85.org\/fra\/blog\/2009\/08\/28\/horaires\/#breadcrumb\",\"itemListElement\":[{\"@type\":\"ListItem\",\"position\":1,\"name\":\"Accueil\",\"item\":\"http:\/\/www.laligue85.org\/fra\/\"},{\"@type\":\"ListItem\",\"position\":2,\"name\":\"Horaires et acc\u00e8s\"}]},{\"@type\":\"WebSite\",\"@id\":\"http:\/\/www.laligue85.org\/fra\/#website\",\"url\":\"http:\/\/www.laligue85.org\/fra\/\",\"name\":\"La Ligue de l&#039;Enseignement de Vend\u00e9e\",\"description\":\"F\u00e9d\u00e9ration d&#039;\u00e9ducation populaire\",\"potentialAction\":[{\"@type\":\"SearchAction\",\"target\":{\"@type\":\"EntryPoint\",\"urlTemplate\":\"http:\/\/www.laligue85.org\/fra\/?s={search_term_string}\"},\"query-input\":\"required name=search_term_string\"}],\"inLanguage\":\"fr-FR\"},{\"@type\":\"Person\",\"@id\":\"http:\/\/www.laligue85.org\/fra\/#\/schema\/person\/40cfbe76f3c9613d228caa920f943845\",\"name\":\"Administrator\",\"image\":{\"@type\":\"ImageObject\",\"inLanguage\":\"fr-FR\",\"@id\":\"http:\/\/www.laligue85.org\/fra\/#\/schema\/person\/image\/\",\"url\":\"https:\/\/secure.gravatar.com\/avatar\/37bbabdbb7d40dbf611c45aef0561fb1?s=96&d=mm&r=g\",\"contentUrl\":\"https:\/\/secure.gravatar.com\/avatar\/37bbabdbb7d40dbf611c45aef0561fb1?s=96&d=mm&r=g\",\"caption\":\"Administrator\"},\"url\":\"https:\/\/www.laligue85.org\/fra\/blog\/author\/adminv15\/\"}]}<\/script>\n<!-- \/ Yoast SEO plugin. -->","yoast_head_json":{"title":"Horaires et acc\u00e8s - La Ligue de l&#039;Enseignement de Vend\u00e9e","robots":{"index":"index","follow":"follow","max-snippet":"max-snippet:-1","max-image-preview":"max-image-preview:large","max-video-preview":"max-video-preview:-1"},"canonical":"https:\/\/www.laligue85.org\/fra\/blog\/2009\/08\/28\/horaires\/","og_locale":"fr_FR","og_type":"article","og_title":"Horaires et acc\u00e8s - La Ligue de l&#039;Enseignement de Vend\u00e9e","og_description":"LE SIEGE La Ligue de l&rsquo;enseignement &#8211;\u00a0F.O.L. Vend\u00e9e &#8211; 41 rue Monge &#8211; BP 23 &#8211; 85001 LA ROCHE SUR YON Cedex Ouverture au public de la f\u00e9d\u00e9ration du lundi au vendredi de 9h \u00e0 12h30 et de 13h30 \u00e0 17h30 Ouverture au public de l&rsquo;atelier costumes Lundi 13h \u00e0 [&hellip;]","og_url":"https:\/\/www.laligue85.org\/fra\/blog\/2009\/08\/28\/horaires\/","og_site_name":"La Ligue de l&#039;Enseignement de Vend\u00e9e","article_published_time":"2009-08-28T11:14:33+00:00","article_modified_time":"2018-07-05T12:39:48+00:00","author":"Administrator","twitter_card":"summary_large_image","twitter_misc":{"\u00c9crit par":"Administrator","Dur\u00e9e de lecture estim\u00e9e":"1 minute"},"schema":{"@context":"https:\/\/schema.org","@graph":[{"@type":"WebPage","@id":"https:\/\/www.laligue85.org\/fra\/blog\/2009\/08\/28\/horaires\/","url":"https:\/\/www.laligue85.org\/fra\/blog\/2009\/08\/28\/horaires\/","name":"Horaires et acc\u00e8s - La Ligue de l&#039;Enseignement de Vend\u00e9e","isPartOf":{"@id":"http:\/\/www.laligue85.org\/fra\/#website"},"datePublished":"2009-08-28T11:14:33+00:00","dateModified":"2018-07-05T12:39:48+00:00","author":{"@id":"http:\/\/www.laligue85.org\/fra\/#\/schema\/person\/40cfbe76f3c9613d228caa920f943845"},"breadcrumb":{"@id":"https:\/\/www.laligue85.org\/fra\/blog\/2009\/08\/28\/horaires\/#breadcrumb"},"inLanguage":"fr-FR","potentialAction":[{"@type":"ReadAction","target":["https:\/\/www.laligue85.org\/fra\/blog\/2009\/08\/28\/horaires\/"]}]},{"@type":"BreadcrumbList","@id":"https:\/\/www.laligue85.org\/fra\/blog\/2009\/08\/28\/horaires\/#breadcrumb","itemListElement":[{"@type":"ListItem","position":1,"name":"Accueil","item":"http:\/\/www.laligue85.org\/fra\/"},{"@type":"ListItem","position":2,"name":"Horaires et acc\u00e8s"}]},{"@type":"WebSite","@id":"http:\/\/www.laligue85.org\/fra\/#website","url":"http:\/\/www.laligue85.org\/fra\/","name":"La Ligue de l&#039;Enseignement de Vend\u00e9e","description":"F\u00e9d\u00e9ration d&#039;\u00e9ducation populaire","potentialAction":[{"@type":"SearchAction","target":{"@type":"EntryPoint","urlTemplate":"http:\/\/www.laligue85.org\/fra\/?s={search_term_string}"},"query-input":"required name=search_term_string"}],"inLanguage":"fr-FR"},{"@type":"Person","@id":"http:\/\/www.laligue85.org\/fra\/#\/schema\/person\/40cfbe76f3c9613d228caa920f943845","name":"Administrator","image":{"@type":"ImageObject","inLanguage":"fr-FR","@id":"http:\/\/www.laligue85.org\/fra\/#\/schema\/person\/image\/","url":"https:\/\/secure.gravatar.com\/avatar\/37bbabdbb7d40dbf611c45aef0561fb1?s=96&d=mm&r=g","contentUrl":"https:\/\/secure.gravatar.com\/avatar\/37bbabdbb7d40dbf611c45aef0561fb1?s=96&d=mm&r=g","caption":"Administrator"},"url":"https:\/\/www.laligue85.org\/fra\/blog\/author\/adminv15\/"}]}},"jetpack_featured_media_url":"","jetpack_shortlink":"https:\/\/wp.me\/s9Chnq-horaires","_links":{"self":[{"href":"https:\/\/www.laligue85.org\/fra\/wp-json\/wp\/v2\/posts\/544","targetHints":{"allow":["GET"]}}],"collection":[{"href":"https:\/\/www.laligue85.org\/fra\/wp-json\/wp\/v2\/posts"}],"about":[{"href":"https:\/\/www.laligue85.org\/fra\/wp-json\/wp\/v2\/types\/post"}],"author":[{"embeddable":true,"href":"https:\/\/www.laligue85.org\/fra\/wp-json\/wp\/v2\/users\/3"}],"replies":[{"embeddable":true,"href":"https:\/\/www.laligue85.org\/fra\/wp-json\/wp\/v2\/comments?post=544"}],"version-history":[{"count":2,"href":"https:\/\/www.laligue85.org\/fra\/wp-json\/wp\/v2\/posts\/544\/revisions"}],"predecessor-version":[{"id":3724,"href":"https:\/\/www.laligue85.org\/fra\/wp-json\/wp\/v2\/posts\/544\/revisions\/3724"}],"wp:attachment":[{"href":"https:\/\/www.laligue85.org\/fra\/wp-json\/wp\/v2\/media?parent=544"}],"wp:term":[{"taxonomy":"category","embeddable":true,"href":"https:\/\/www.laligue85.org\/fra\/wp-json\/wp\/v2\/categories?post=544"},{"taxonomy":"post_tag","embeddable":true,"href":"https:\/\/www.laligue85.org\/fra\/wp-json\/wp\/v2\/tags?post=544"}],"curies":[{"name":"wp","href":"https:\/\/api.w.org\/{rel}","templated":true}]}}