{"id":775,"date":"2015-10-19T10:28:33","date_gmt":"2015-10-19T08:28:33","guid":{"rendered":"http:\/\/www.laligue85.org\/fra\/blog\/2015\/10\/19\/des-parcours-pour-les-nouveaux-temps-educatifs\/"},"modified":"2018-07-19T18:35:10","modified_gmt":"2018-07-19T16:35:10","slug":"des-parcours-pour-les-nouveaux-temps-educatifs","status":"publish","type":"post","link":"https:\/\/www.laligue85.org\/fra\/blog\/2015\/10\/19\/des-parcours-pour-les-nouveaux-temps-educatifs\/","title":{"rendered":"Des parcours pour les nouveaux temps \u00e9ducatifs"},"content":{"rendered":"<p>Pour l\u2019int\u00e9r\u00eat de l\u2019enfant et de son \u00e9ducation globale, nous devons rechercher les compl\u00e9mentarit\u00e9s et interactions entre les temps, les espaces, les contenus et les acteurs \u00e9ducatifs.<br \/>\nLa mise en place de parcours peut \u00eatre une cl\u00e9 essentielle pour structurer un projet \u00e9ducatif territorial. Ils contribuent de fa\u00e7on originale \u00e0 la mise en tension du sens et des valeurs avec des actions. L\u2019int\u00e9r\u00eat des parcours est de faciliter la logique du projet global et concr\u00e8tement d\u2019\u00eatre au service de l\u2019\u00e9ducation et l\u2019\u00e9mancipation des enfants. C\u2019est bien cette d\u00e9marche de compl\u00e9mentarit\u00e9 des actions \u00e9ducatives qu\u2019il nous est propos\u00e9 de mettre en place dans le cadre de la nouvelle organisation des rythmes \u00e9ducatifs.<br \/>\nLa Ligue de l\u2019enseignement-FOL 85, propose des parcours \u00e9ducatifs innovants et coh\u00e9rents en mettant l\u2019enfant au c\u0153ur du dispositif :<\/p>\n<p>\u2022 <strong>Environnement et d\u00e9veloppement durable : parcours d\u00e9couvertes naturalistes, parcours \u00e9cologie pratique, parcours jardinage&#8230;<\/strong><br \/>\nLa polyvalence de l\u2019\u00e9quipe ainsi que les diff\u00e9rents temps et cadres dans lesquels il intervient permet au RPNE de proposer une grande diversit\u00e9 d\u2019animations:<br \/>\n&#8211; <em>D\u00e9couverte naturaliste<\/em> : au cours de sorties sur le terrain, les enfants sont amen\u00e9s \u00e0 d\u00e9couvrir un ensemble d\u2019esp\u00e8ces animales ou v\u00e9g\u00e9tales: r\u00e9alisation d\u2019\u0153uvres \u00e9ph\u00e9m\u00e8res \u00e0 partir d\u2019\u00e9l\u00e9ments naturels<br \/>\n&#8211; <em>Fabrication<\/em> : r\u00e9alisation d\u2019un instrument de musique en bois \u00e0 partir d\u2019\u00e9l\u00e9ments r\u00e9colt\u00e9s dans la nature&#8230;<br \/>\n&#8211; <em>\u00c9cologie pratique<\/em> : apprentissage de savoirs faire et savoirs \u00eatre \u00e9cologiques utiles au quotidien<br \/>\n&#8211; <em>Jardinage \u00e9cologique<\/em> : par une pr\u00e9sentation suivie d\u2019une mise en pratique, les participants d\u00e9couvrent des techniques de jardinage \u00e9cologique<br \/>\n&#8211; <em>Course d\u2019orientation\/jeux de piste<\/em> : les participants sont amen\u00e9s, par exemple, \u00e0 d\u00e9couvrir l\u2019environnement proche par petits groupes \u00e0 l\u2019aide d\u2019une carte<\/p>\n<p>Plusieurs types d\u2019animations peuvent \u00eatre abord\u00e9s au cours des s\u00e9ances d\u2019animations. Public concern\u00e9: cycle 1\/2\/3<\/p>\n<p>\u2022 <strong>Citoyennet\u00e9 et vivre ensemble : parcours \u00bbvivre ensemble \u00bb, parcours \u00ab nutrition \u00bb, parcours \u00ab ensemble contre les pr\u00e9jug\u00e9s \u00bb&#8230;<\/strong><br \/>\n&#8211; <em>Lutte contre les discriminations\/ d\u00e9couverte de la vie associative et citoyenne\/ l\u2019engagement associatif\/ solidarit\u00e9s internationales\/ \u00e9ducation contre le racisme\/ les droits de l\u2019enfant\/ appr\u00e9hender les diff\u00e9rentes formes de handicap\/<\/em> &#8230;<\/p>\n<p>Des th\u00e8mes, des concepts\/ des mots\/ des photos sont abord\u00e9s, mani\u00e9s \u00e0 travers des jeux de r\u00f4les, des fabrications, des mises en situation, des r\u00e9alisations manuelles&#8230;<br \/>\nPlusieurs types d\u2019animations peuvent \u00eatre abord\u00e9s au cours des s\u00e9ances d\u2019animations. Public concern\u00e9: cycle 2\/3<\/p>\n<p>\u2022 <strong>Pratiques sportives innovantes : parcours \u00ab sant\u00e9 \u00bb, parcours \u00ab handicap \u00bb, parcours \u00ab jeux d\u2019antan \u00bb&#8230;<\/strong><\/p>\n<h4>Les parcours, comment \u00e7a marche ?<\/h4>\n<p>Ces propositions \u00e9ducatives ont pour objectifs prinicpaux de sensibiliser les enfants au vivre-ensemble, la citoyennet\u00e9, l\u2019\u00e9galit\u00e9 homme-femme, le respect des autres, l\u2019environnement&#8230; non pas \u00e0 partir d\u2019enseignements classiques mais d\u2019activit\u00e9s culturelles, artistiques, musicales, sportives ouvertes \u00e0 tous sans distinction.<br \/>\nCes propositions s\u2019articulent \u00e0 travers une v\u00e9ritable p\u00e9dagogie du parcours permettant ainsi la couverture de l\u2019ann\u00e9e scolaire sur plusieurs parcours.<\/p>\n<h4><strong>Qui met en \u0153uvre ces parcours ?<\/strong><\/h4>\n<p>Plusieurs options peuvent \u00eatre envisag\u00e9es :<br \/>\n\u2022Parcours mis en place avec les acteurs de la commune : un technicien de la f\u00e9d\u00e9ration travaille avec les acteurs mobilis\u00e9s (\u00e9lus, animateurs p\u00e9riscolaires, b\u00e9n\u00e9voles&#8230;) afin de mettre en place des parcours adapt\u00e9s \u00e0 la commune et \u00e0 ses ressources propres.<br \/>\n\u2022Parcours port\u00e9s par les animateurs de La Ligue de l&rsquo;enseignement &#8211; F.O.L. Vend\u00e9e : les animateurs de la f\u00e9d\u00e9ration interviennent sur le temps de pause m\u00e9ridienne, durant les vacances ou dans les Nouvelles Activit\u00e9s P\u00e9riscolaires (NAP) et proposent des animations sous forme de parcours dans les communes selon les p\u00e9riodes et la temporalit\u00e9 souhait\u00e9es.<\/p>\n<h4>Co\u00fbt d\u2019intervention pour l\u2019animation des parcours \u00e9ducatifs :<\/h4>\n<p>32\u20ac\/heure (+ frais de d\u00e9placement) ; (le mat\u00e9riel p\u00e9dagogique est fourni par la f\u00e9d\u00e9ration)<br \/>\nDonner la chance \u00e0 tous les enfants d\u2019aborder ces questions de soci\u00e9t\u00e9 sans reproduire les in\u00e9galit\u00e9s existantes en s\u2019appuyant sur les parcours \u00e9ducatifs et en proposant des activit\u00e9s innovantes, telle est l\u2019ambition que nous poursuivons.<\/p>\n","protected":false},"excerpt":{"rendered":"<p>Pour l\u2019int\u00e9r\u00eat de l\u2019enfant et de son \u00e9ducation globale, nous devons rechercher les compl\u00e9mentarit\u00e9s et interactions entre les temps, les espaces, les contenus et les acteurs \u00e9ducatifs. La mise en place de parcours peut \u00eatre une cl\u00e9 essentielle pour structurer un projet \u00e9ducatif territorial. Ils contribuent de fa\u00e7on originale \u00e0 [&hellip;]<\/p>\n","protected":false},"author":2,"featured_media":0,"comment_status":"closed","ping_status":"open","sticky":false,"template":"","format":"standard","meta":{"jetpack_post_was_ever_published":false,"footnotes":"","jetpack_publicize_message":"","jetpack_is_tweetstorm":false,"jetpack_publicize_feature_enabled":true,"jetpack_social_post_already_shared":true,"jetpack_social_options":[]},"categories":[215],"tags":[288,269,287,284,274,273,280],"class_list":["post-775","post","type-post","status-publish","format-standard","hentry","category-temps-periscolaire","tag-animation","tag-citoyennete","tag-collectivites","tag-environnement","tag-lecture","tag-outils-pedagogiques","tag-sport"],"jetpack_publicize_connections":[],"yoast_head":"<!-- This site is optimized with the Yoast SEO plugin v20.0 - https:\/\/yoast.com\/wordpress\/plugins\/seo\/ -->\n<title>Des parcours pour les nouveaux temps \u00e9ducatifs - La Ligue de l&#039;Enseignement de Vend\u00e9e<\/title>\n<meta name=\"robots\" content=\"index, follow, max-snippet:-1, max-image-preview:large, max-video-preview:-1\" \/>\n<link rel=\"canonical\" href=\"https:\/\/www.laligue85.org\/fra\/blog\/2015\/10\/19\/des-parcours-pour-les-nouveaux-temps-educatifs\/\" \/>\n<meta property=\"og:locale\" content=\"fr_FR\" \/>\n<meta property=\"og:type\" content=\"article\" \/>\n<meta property=\"og:title\" content=\"Des parcours pour les nouveaux temps \u00e9ducatifs - La Ligue de l&#039;Enseignement de Vend\u00e9e\" \/>\n<meta property=\"og:description\" content=\"Pour l\u2019int\u00e9r\u00eat de l\u2019enfant et de son \u00e9ducation globale, nous devons rechercher les compl\u00e9mentarit\u00e9s et interactions entre les temps, les espaces, les contenus et les acteurs \u00e9ducatifs. La mise en place de parcours peut \u00eatre une cl\u00e9 essentielle pour structurer un projet \u00e9ducatif territorial. Ils contribuent de fa\u00e7on originale \u00e0 [&hellip;]\" \/>\n<meta property=\"og:url\" content=\"https:\/\/www.laligue85.org\/fra\/blog\/2015\/10\/19\/des-parcours-pour-les-nouveaux-temps-educatifs\/\" \/>\n<meta property=\"og:site_name\" content=\"La Ligue de l&#039;Enseignement de Vend\u00e9e\" \/>\n<meta property=\"article:published_time\" content=\"2015-10-19T08:28:33+00:00\" \/>\n<meta property=\"article:modified_time\" content=\"2018-07-19T16:35:10+00:00\" \/>\n<meta name=\"author\" content=\"epiveteau\" \/>\n<meta name=\"twitter:card\" content=\"summary_large_image\" \/>\n<meta name=\"twitter:label1\" content=\"\u00c9crit par\" \/>\n\t<meta name=\"twitter:data1\" content=\"epiveteau\" \/>\n\t<meta name=\"twitter:label2\" content=\"Dur\u00e9e de lecture estim\u00e9e\" \/>\n\t<meta name=\"twitter:data2\" content=\"4 minutes\" \/>\n<script type=\"application\/ld+json\" class=\"yoast-schema-graph\">{\"@context\":\"https:\/\/schema.org\",\"@graph\":[{\"@type\":\"WebPage\",\"@id\":\"https:\/\/www.laligue85.org\/fra\/blog\/2015\/10\/19\/des-parcours-pour-les-nouveaux-temps-educatifs\/\",\"url\":\"https:\/\/www.laligue85.org\/fra\/blog\/2015\/10\/19\/des-parcours-pour-les-nouveaux-temps-educatifs\/\",\"name\":\"Des parcours pour les nouveaux temps \u00e9ducatifs - La Ligue de l&#039;Enseignement de Vend\u00e9e\",\"isPartOf\":{\"@id\":\"https:\/\/www.laligue85.org\/fra\/#website\"},\"datePublished\":\"2015-10-19T08:28:33+00:00\",\"dateModified\":\"2018-07-19T16:35:10+00:00\",\"author\":{\"@id\":\"https:\/\/www.laligue85.org\/fra\/#\/schema\/person\/45271b6e75b5943f21d354872a5c1a2e\"},\"breadcrumb\":{\"@id\":\"https:\/\/www.laligue85.org\/fra\/blog\/2015\/10\/19\/des-parcours-pour-les-nouveaux-temps-educatifs\/#breadcrumb\"},\"inLanguage\":\"fr-FR\",\"potentialAction\":[{\"@type\":\"ReadAction\",\"target\":[\"https:\/\/www.laligue85.org\/fra\/blog\/2015\/10\/19\/des-parcours-pour-les-nouveaux-temps-educatifs\/\"]}]},{\"@type\":\"BreadcrumbList\",\"@id\":\"https:\/\/www.laligue85.org\/fra\/blog\/2015\/10\/19\/des-parcours-pour-les-nouveaux-temps-educatifs\/#breadcrumb\",\"itemListElement\":[{\"@type\":\"ListItem\",\"position\":1,\"name\":\"Accueil\",\"item\":\"https:\/\/www.laligue85.org\/fra\/\"},{\"@type\":\"ListItem\",\"position\":2,\"name\":\"Des parcours pour les nouveaux temps \u00e9ducatifs\"}]},{\"@type\":\"WebSite\",\"@id\":\"https:\/\/www.laligue85.org\/fra\/#website\",\"url\":\"https:\/\/www.laligue85.org\/fra\/\",\"name\":\"La Ligue de l&#039;Enseignement de Vend\u00e9e\",\"description\":\"F\u00e9d\u00e9ration d&#039;\u00e9ducation populaire\",\"potentialAction\":[{\"@type\":\"SearchAction\",\"target\":{\"@type\":\"EntryPoint\",\"urlTemplate\":\"https:\/\/www.laligue85.org\/fra\/?s={search_term_string}\"},\"query-input\":\"required name=search_term_string\"}],\"inLanguage\":\"fr-FR\"},{\"@type\":\"Person\",\"@id\":\"https:\/\/www.laligue85.org\/fra\/#\/schema\/person\/45271b6e75b5943f21d354872a5c1a2e\",\"name\":\"epiveteau\",\"image\":{\"@type\":\"ImageObject\",\"inLanguage\":\"fr-FR\",\"@id\":\"https:\/\/www.laligue85.org\/fra\/#\/schema\/person\/image\/\",\"url\":\"https:\/\/secure.gravatar.com\/avatar\/7fedac7ddc713994f9815c37f877ecb7?s=96&d=mm&r=g\",\"contentUrl\":\"https:\/\/secure.gravatar.com\/avatar\/7fedac7ddc713994f9815c37f877ecb7?s=96&d=mm&r=g\",\"caption\":\"epiveteau\"},\"url\":\"https:\/\/www.laligue85.org\/fra\/blog\/author\/epiveteau\/\"}]}<\/script>\n<!-- \/ Yoast SEO plugin. -->","yoast_head_json":{"title":"Des parcours pour les nouveaux temps \u00e9ducatifs - La Ligue de l&#039;Enseignement de Vend\u00e9e","robots":{"index":"index","follow":"follow","max-snippet":"max-snippet:-1","max-image-preview":"max-image-preview:large","max-video-preview":"max-video-preview:-1"},"canonical":"https:\/\/www.laligue85.org\/fra\/blog\/2015\/10\/19\/des-parcours-pour-les-nouveaux-temps-educatifs\/","og_locale":"fr_FR","og_type":"article","og_title":"Des parcours pour les nouveaux temps \u00e9ducatifs - La Ligue de l&#039;Enseignement de Vend\u00e9e","og_description":"Pour l\u2019int\u00e9r\u00eat de l\u2019enfant et de son \u00e9ducation globale, nous devons rechercher les compl\u00e9mentarit\u00e9s et interactions entre les temps, les espaces, les contenus et les acteurs \u00e9ducatifs. La mise en place de parcours peut \u00eatre une cl\u00e9 essentielle pour structurer un projet \u00e9ducatif territorial. Ils contribuent de fa\u00e7on originale \u00e0 [&hellip;]","og_url":"https:\/\/www.laligue85.org\/fra\/blog\/2015\/10\/19\/des-parcours-pour-les-nouveaux-temps-educatifs\/","og_site_name":"La Ligue de l&#039;Enseignement de Vend\u00e9e","article_published_time":"2015-10-19T08:28:33+00:00","article_modified_time":"2018-07-19T16:35:10+00:00","author":"epiveteau","twitter_card":"summary_large_image","twitter_misc":{"\u00c9crit par":"epiveteau","Dur\u00e9e de lecture estim\u00e9e":"4 minutes"},"schema":{"@context":"https:\/\/schema.org","@graph":[{"@type":"WebPage","@id":"https:\/\/www.laligue85.org\/fra\/blog\/2015\/10\/19\/des-parcours-pour-les-nouveaux-temps-educatifs\/","url":"https:\/\/www.laligue85.org\/fra\/blog\/2015\/10\/19\/des-parcours-pour-les-nouveaux-temps-educatifs\/","name":"Des parcours pour les nouveaux temps \u00e9ducatifs - La Ligue de l&#039;Enseignement de Vend\u00e9e","isPartOf":{"@id":"https:\/\/www.laligue85.org\/fra\/#website"},"datePublished":"2015-10-19T08:28:33+00:00","dateModified":"2018-07-19T16:35:10+00:00","author":{"@id":"https:\/\/www.laligue85.org\/fra\/#\/schema\/person\/45271b6e75b5943f21d354872a5c1a2e"},"breadcrumb":{"@id":"https:\/\/www.laligue85.org\/fra\/blog\/2015\/10\/19\/des-parcours-pour-les-nouveaux-temps-educatifs\/#breadcrumb"},"inLanguage":"fr-FR","potentialAction":[{"@type":"ReadAction","target":["https:\/\/www.laligue85.org\/fra\/blog\/2015\/10\/19\/des-parcours-pour-les-nouveaux-temps-educatifs\/"]}]},{"@type":"BreadcrumbList","@id":"https:\/\/www.laligue85.org\/fra\/blog\/2015\/10\/19\/des-parcours-pour-les-nouveaux-temps-educatifs\/#breadcrumb","itemListElement":[{"@type":"ListItem","position":1,"name":"Accueil","item":"https:\/\/www.laligue85.org\/fra\/"},{"@type":"ListItem","position":2,"name":"Des parcours pour les nouveaux temps \u00e9ducatifs"}]},{"@type":"WebSite","@id":"https:\/\/www.laligue85.org\/fra\/#website","url":"https:\/\/www.laligue85.org\/fra\/","name":"La Ligue de l&#039;Enseignement de Vend\u00e9e","description":"F\u00e9d\u00e9ration d&#039;\u00e9ducation populaire","potentialAction":[{"@type":"SearchAction","target":{"@type":"EntryPoint","urlTemplate":"https:\/\/www.laligue85.org\/fra\/?s={search_term_string}"},"query-input":"required name=search_term_string"}],"inLanguage":"fr-FR"},{"@type":"Person","@id":"https:\/\/www.laligue85.org\/fra\/#\/schema\/person\/45271b6e75b5943f21d354872a5c1a2e","name":"epiveteau","image":{"@type":"ImageObject","inLanguage":"fr-FR","@id":"https:\/\/www.laligue85.org\/fra\/#\/schema\/person\/image\/","url":"https:\/\/secure.gravatar.com\/avatar\/7fedac7ddc713994f9815c37f877ecb7?s=96&d=mm&r=g","contentUrl":"https:\/\/secure.gravatar.com\/avatar\/7fedac7ddc713994f9815c37f877ecb7?s=96&d=mm&r=g","caption":"epiveteau"},"url":"https:\/\/www.laligue85.org\/fra\/blog\/author\/epiveteau\/"}]}},"jetpack_featured_media_url":"","jetpack_shortlink":"https:\/\/wp.me\/p9Chnq-cv","_links":{"self":[{"href":"https:\/\/www.laligue85.org\/fra\/wp-json\/wp\/v2\/posts\/775","targetHints":{"allow":["GET"]}}],"collection":[{"href":"https:\/\/www.laligue85.org\/fra\/wp-json\/wp\/v2\/posts"}],"about":[{"href":"https:\/\/www.laligue85.org\/fra\/wp-json\/wp\/v2\/types\/post"}],"author":[{"embeddable":true,"href":"https:\/\/www.laligue85.org\/fra\/wp-json\/wp\/v2\/users\/2"}],"replies":[{"embeddable":true,"href":"https:\/\/www.laligue85.org\/fra\/wp-json\/wp\/v2\/comments?post=775"}],"version-history":[{"count":2,"href":"https:\/\/www.laligue85.org\/fra\/wp-json\/wp\/v2\/posts\/775\/revisions"}],"predecessor-version":[{"id":3188,"href":"https:\/\/www.laligue85.org\/fra\/wp-json\/wp\/v2\/posts\/775\/revisions\/3188"}],"wp:attachment":[{"href":"https:\/\/www.laligue85.org\/fra\/wp-json\/wp\/v2\/media?parent=775"}],"wp:term":[{"taxonomy":"category","embeddable":true,"href":"https:\/\/www.laligue85.org\/fra\/wp-json\/wp\/v2\/categories?post=775"},{"taxonomy":"post_tag","embeddable":true,"href":"https:\/\/www.laligue85.org\/fra\/wp-json\/wp\/v2\/tags?post=775"}],"curies":[{"name":"wp","href":"https:\/\/api.w.org\/{rel}","templated":true}]}}