{"id":898,"date":"2018-03-28T08:15:27","date_gmt":"2018-03-28T06:15:27","guid":{"rendered":"http:\/\/www.laligue85.org\/fra\/blog\/2012\/05\/31\/devenir-volontaire-avec-la-fol-vendee\/"},"modified":"2024-09-17T15:31:23","modified_gmt":"2024-09-17T13:31:23","slug":"devenir-volontaire-avec-la-fol-vendee","status":"publish","type":"post","link":"https:\/\/www.laligue85.org\/fra\/blog\/2018\/03\/28\/devenir-volontaire-avec-la-fol-vendee\/","title":{"rendered":"Le Service Civique"},"content":{"rendered":"<p>[vc_row][vc_column][vc_column_text]<\/p>\n<h1><\/h1>\n<p>&nbsp;<\/p>\n<p><img loading=\"lazy\" decoding=\"async\" class=\"alignnone wp-image-13296\" src=\"http:\/\/www.laligue85.org\/fra\/wp-content\/uploads\/2018\/03\/logo_asc_header-300x170.png\" alt=\"\" width=\"134\" height=\"76\" srcset=\"https:\/\/www.laligue85.org\/fra\/wp-content\/uploads\/2018\/03\/logo_asc_header-300x170.png 300w, https:\/\/www.laligue85.org\/fra\/wp-content\/uploads\/2018\/03\/logo_asc_header-1024x579.png 1024w, https:\/\/www.laligue85.org\/fra\/wp-content\/uploads\/2018\/03\/logo_asc_header-768x435.png 768w, https:\/\/www.laligue85.org\/fra\/wp-content\/uploads\/2018\/03\/logo_asc_header-1536x869.png 1536w, https:\/\/www.laligue85.org\/fra\/wp-content\/uploads\/2018\/03\/logo_asc_header-600x340.png 600w, https:\/\/www.laligue85.org\/fra\/wp-content\/uploads\/2018\/03\/logo_asc_header.png 1571w\" sizes=\"auto, (max-width: 134px) 100vw, 134px\" \/><\/p>\n<h1 style=\"text-align: center;\"><strong><span style=\"font-family: helvetica, arial, sans-serif; color: #ff0000;\">Le Service Civique<\/span><\/strong><\/h1>\n<p>[\/vc_column_text][\/vc_column][\/vc_row][vc_row][vc_column][vc_column_text]<\/p>\n<p style=\"text-align: center;\"><span style=\"font-size: 12pt; font-family: helvetica, arial, sans-serif;\"><strong>Vous avez entre 16 et 25 ans ? <\/strong><\/span><\/p>\n<p style=\"text-align: center;\"><span style=\"font-size: 12pt; font-family: helvetica, arial, sans-serif;\"><strong>Vous pouvez consacrer 6 \u00e0 12 mois \u00e0 une cause d&rsquo;int\u00e9r\u00eat g\u00e9n\u00e9ral au sein de la Ligue de l&rsquo;Enseignement de Vend\u00e9e ou d&rsquo;une association affili\u00e9e en \u00e9tant indemnis\u00e9.<\/strong><strong>\u00a0<\/strong><\/span><\/p>\n<p>[\/vc_column_text][\/vc_column][\/vc_row][vc_row][vc_column][vc_text_separator title=\u00a0\u00bbQu&rsquo;est-ce que le Service Civique ?\u00a0\u00bb title_align=\u00a0\u00bbseparator_align_left\u00a0\u00bb color=\u00a0\u00bbjuicy_pink\u00a0\u00bb border_width=\u00a0\u00bb4&Prime;][\/vc_column][\/vc_row][vc_row][vc_column width=\u00a0\u00bb2\/3&Prime;][vc_column_text]<\/p>\n<p style=\"text-align: justify;\"><span style=\"color: #ff0000; font-size: 12pt;\">Le service civique c&rsquo;est :<\/span><\/p>\n<ul style=\"list-style-type: circle; text-align: justify;\">\n<li><span style=\"font-size: 12pt;\"><strong>Au moins 24h par semaine<\/strong> (ou l&rsquo;\u00e9quivalent sur la dur\u00e9e du contrat)<\/span><\/li>\n<li><span style=\"font-size: 12pt;\"><strong>Une indemnit\u00e9 d&rsquo;environ 620\u20ac par mois<\/strong><\/span><\/li>\n<li><span style=\"font-size: 12pt;\"><strong>Une couverture sociale<\/strong> et des trimestres de retraite valid\u00e9s<\/span><\/li>\n<li><span style=\"font-size: 12pt;\"><strong>Un accompagnement<\/strong> dans la mission<\/span><\/li>\n<li><a href=\"https:\/\/docs.google.com\/forms\/d\/e\/1FAIpQLSdOo6RDXxC7TWAGrld1emGPmJuk1ZbSKCe8b60dipqFi4iMQQ\/viewform\"><span style=\"font-size: 14pt;\"><span style=\"font-size: 12pt;\">Une <strong>formation civique<\/strong> obligatoire (inscription en ligne)<\/span><\/span><\/a><\/li>\n<\/ul>\n<p>[\/vc_column_text][\/vc_column][vc_column width=\u00a0\u00bb1\/3&Prime;][vc_single_image image=\u00a0\u00bb13231&Prime;][\/vc_column][\/vc_row][vc_row][vc_column][vc_text_separator title=\u00a0\u00bb\u00c0 quoi ressemble le Service Civique \u00e0 la Ligue de l&rsquo;Enseignement de Vend\u00e9e ?\u00a0\u00bb title_align=\u00a0\u00bbseparator_align_left\u00a0\u00bb color=\u00a0\u00bbjuicy_pink\u00a0\u00bb border_width=\u00a0\u00bb4&Prime;][\/vc_column][\/vc_row][vc_row][vc_column][vc_column_text]<\/p>\n<p style=\"text-align: left;\">Le service civique avec la Ligue de l&rsquo;Enseignement de Vend\u00e9e, ce sont <strong>des missions pour tous les go\u00fbts, pr\u00e8s de chez vous<\/strong> : autour du sport, de la culture, de l&rsquo;environnement, de la citoyennet\u00e9 et de la solidarit\u00e9 ou encore de l&rsquo;\u00e9ducation.<\/p>\n<p style=\"text-align: left;\"><strong>Quel que soit votre profil et vos projets personnels ou professionnels, seuls la motivation et l&rsquo;engagement comptent dans le recrutement. Le service civique, c&rsquo;est l&rsquo;opportunit\u00e9, pour chacun, d&rsquo;acqu\u00e9rir une exp\u00e9rience qui a du sens.<\/strong><\/p>\n<p>[\/vc_column_text][vc_raw_html]JTNDaWZyYW1lJTIwc3R5bGUlM0QlMjJib3JkZXItcmFkaXVzJTNBMTJweCUyMiUyMHNyYyUzRCUyMmh0dHBzJTNBJTJGJTJGb3Blbi5zcG90aWZ5LmNvbSUyRmVtYmVkJTJGZXBpc29kZSUyRjNHbVhYa3AzMlc1UThRSjd6bkpkeW8lM0Z1dG1fc291cmNlJTNEZ2VuZXJhdG9yJTIyJTIwd2lkdGglM0QlMjIxMDAlMjUlMjIlMjBoZWlnaHQlM0QlMjIzNTIlMjIlMjBmcmFtZUJvcmRlciUzRCUyMjAlMjIlMjBhbGxvd2Z1bGxzY3JlZW4lM0QlMjIlMjIlMjBhbGxvdyUzRCUyMmF1dG9wbGF5JTNCJTIwY2xpcGJvYXJkLXdyaXRlJTNCJTIwZW5jcnlwdGVkLW1lZGlhJTNCJTIwZnVsbHNjcmVlbiUzQiUyMHBpY3R1cmUtaW4tcGljdHVyZSUyMiUyMGxvYWRpbmclM0QlMjJsYXp5JTIyJTNFJTNDJTJGaWZyYW1lJTNF[\/vc_raw_html][\/vc_column][\/vc_row][vc_row][vc_column][vc_text_separator title=\u00a0\u00bbQu&rsquo;est-ce que le Service Civique en d\u00e9tails ?\u00a0\u00bb title_align=\u00a0\u00bbseparator_align_left\u00a0\u00bb color=\u00a0\u00bbjuicy_pink\u00a0\u00bb border_width=\u00a0\u00bb4&Prime;][\/vc_column][\/vc_row][vc_row][vc_column][vc_column_text]<\/p>\n<ul>\n<li><span style=\"font-family: helvetica, arial, sans-serif;\"><a href=\"https:\/\/www.service-civique.gouv.fr\/trouver-ma-mission?orderby_field=PUBLISHDATE&amp;orderby_direction=DESC&amp;first=10&amp;page=1&amp;organizationId=61aa88fa36eab40031459b21\" target=\"_blank\" rel=\"noopener\"><u>Le site officiel du Service Civique et les missions propos\u00e9es actuellement par la Ligue de l&rsquo;Enseignement de Vend\u00e9e et son r\u00e9seau<\/u><\/a><\/span><\/li>\n<li><span style=\"font-family: helvetica, arial, sans-serif;\"><a href=\"https:\/\/www.laligue85.org\/fra\/blog\/2012\/10\/02\/formations-civiques\/\" target=\"_blank\" rel=\"noopener\"><u>Les formations r\u00e9alis\u00e9es par La Ligue de l&rsquo;Enseignement de Vend\u00e9e dans le cadre du Service Civique<\/u><\/a><\/span><\/li>\n<\/ul>\n<p>[\/vc_column_text][\/vc_column][\/vc_row][vc_row][vc_column][vc_text_separator title=\u00a0\u00bbQu&rsquo;est-ce que le Service Civique en images ?\u00a0\u00bb title_align=\u00a0\u00bbseparator_align_left\u00a0\u00bb color=\u00a0\u00bbjuicy_pink\u00a0\u00bb border_width=\u00a0\u00bb4&Prime;][\/vc_column][\/vc_row][vc_row][vc_column][vc_video link=\u00a0\u00bbhttps:\/\/www.youtube.com\/watch?v=nArhjRnXerQ\u00a0\u00bb el_aspect=\u00a0\u00bb235&Prime;][\/vc_column][\/vc_row][vc_row css=\u00a0\u00bb.vc_custom_1494328488142{padding-top: 65px !important;padding-bottom: 70px !important;}\u00a0\u00bb][vc_column][vc_row_inner][vc_column_inner][vc_text_separator title=\u00a0\u00bbPour en apprendre plus sur le Service Civique (Actualit\u00e9s, plan de formation&#8230;)\u00a0\u00bb title_align=\u00a0\u00bbseparator_align_left\u00a0\u00bb color=\u00a0\u00bbjuicy_pink\u00a0\u00bb border_width=\u00a0\u00bb4&Prime;][\/vc_column_inner][\/vc_row_inner]<div class=\"vntd-carousel-holder vntd-content-element\"><div class=\"vntd-carousel vntd-blog-carousel vntd-blog posts owl-carousel blog-style-boxed blog-boxed_border blog-meta-minimal\" data-dots=\"true\" data-nav=\"false\" data-autoplay=\"true\" data-autoplay-timeout=\"7000\" data-cols=\"3\" data-cols-tablet=\"2\" data-cols-mobile=\"1\" data-margin=\"30\">\t\t\t\n\t\t<div class=\"item post post-holder\">\n\n\t\t\t<div class=\"blog-item-inner\">\n\t\t\t\t\n\t\t\t\t\t\t\t\t\t\t\n\t\t\t\t\t\t<div class=\"post-medias\">\n\t\t\t\t\t\t\t<a href=\"https:\/\/www.laligue85.org\/fra\/blog\/2025\/04\/04\/formation-civique-et-citoyenne-2\/\">\n\t\t\t\t\t\t\t\t<img decoding=\"async\" src=\"https:\/\/www.laligue85.org\/fra\/wp-content\/uploads\/2025\/02\/IMG_1183-600x420.png\" alt=\"La Formation Civique et Citoyenne\">\n\t\t\t\t\t\t\t<\/a>\n\t\t\t\t\t\t<\/div>\n\t\t\t\t\t\t\n\t\t\t\t\t\t\n\t\t\t\t<div class=\"post-info\">\n\t\t\t\t\n\t\t\t\t\t<h5 class=\"post-title\">\n\t\t\t\t\t\t<a href=\"https:\/\/www.laligue85.org\/fra\/blog\/2025\/04\/04\/formation-civique-et-citoyenne-2\/\">\n\t\t\t\t\t\t\tLa Formation Civique et Citoyenne\t\t\t\t\t\t<\/a>\n\t\t\t\t\t<\/h5>\n\t\t\t\t\t\n\t\t\t\t\t\t\t\n\t\t<ul class=\"post-meta\">\n\t\t\t<li>\n\t\t\t\tBy \n\t\t\t\t<a class=\"meta-value\" href=\"https:\/\/www.laligue85.org\/fra\/blog\/author\/webreporter\/\">webreporter<\/a>\n\t\t\t<\/li>\n\t\t\t<li>\n\t\t\t\ton \n\t\t\t\t<span class=\"meta-value\">4 avril 2025<\/span>\n\t\t\t<\/li>\n\t\t<\/ul>\n\t\t\n\t\t\t\t\t\n\t\t\t\t\t<div class=\"post-content post-excerpt\">\n\t\t\t\t\t\t<p><p>Tu t&rsquo;es lanc\u00e9 dans l&rsquo;aventure du <strong>service civique<\/strong> ? Ta mission est s\u00fbrement pour...<\/p><a href=\"https:\/\/www.laligue85.org\/fra\/blog\/2025\/04\/04\/formation-civique-et-citoyenne-2\/\" class=\"post-more\">Lire la suite<\/a>\t\t\n\t\t\t\t\t<\/div>\n\t\t\t\t\t\t\n\t\t\t\t<\/div>\n\t\t\t<\/div>\n\t\t<\/div>\t\n\t\t\t\t\t\t\t\n\t\t\t\t\t\n\t\t<div class=\"item post post-holder\">\n\n\t\t\t<div class=\"blog-item-inner\">\n\t\t\t\t\n\t\t\t\t\t\t\t\t\t\t\n\t\t\t\t\t\t<div class=\"post-medias\">\n\t\t\t\t\t\t\t<a href=\"https:\/\/www.laligue85.org\/fra\/blog\/2025\/02\/03\/la-formation-psc1\/\">\n\t\t\t\t\t\t\t\t<img decoding=\"async\" src=\"https:\/\/www.laligue85.org\/fra\/wp-content\/uploads\/2025\/01\/IMG_0885000-400-600x420.jpg\" alt=\"La formation PSC1\">\n\t\t\t\t\t\t\t<\/a>\n\t\t\t\t\t\t<\/div>\n\t\t\t\t\t\t\n\t\t\t\t\t\t\n\t\t\t\t<div class=\"post-info\">\n\t\t\t\t\n\t\t\t\t\t<h5 class=\"post-title\">\n\t\t\t\t\t\t<a href=\"https:\/\/www.laligue85.org\/fra\/blog\/2025\/02\/03\/la-formation-psc1\/\">\n\t\t\t\t\t\t\tLa formation PSC1\t\t\t\t\t\t<\/a>\n\t\t\t\t\t<\/h5>\n\t\t\t\t\t\n\t\t\t\t\t\t\t\n\t\t<ul class=\"post-meta\">\n\t\t\t<li>\n\t\t\t\tBy \n\t\t\t\t<a class=\"meta-value\" href=\"https:\/\/www.laligue85.org\/fra\/blog\/author\/webreporter\/\">webreporter<\/a>\n\t\t\t<\/li>\n\t\t\t<li>\n\t\t\t\ton \n\t\t\t\t<span class=\"meta-value\">3 f\u00e9vrier 2025<\/span>\n\t\t\t<\/li>\n\t\t<\/ul>\n\t\t\n\t\t\t\t\t\n\t\t\t\t\t<div class=\"post-content post-excerpt\">\n\t\t\t\t\t\t<p><p style=\"text-align: left;\"><strong>La formation PSC1<\/strong>, est la formation de Pr\u00e9vention et Secours Civiques de...<\/p><a href=\"https:\/\/www.laligue85.org\/fra\/blog\/2025\/02\/03\/la-formation-psc1\/\" class=\"post-more\">Lire la suite<\/a>\t\t\n\t\t\t\t\t<\/div>\n\t\t\t\t\t\t\n\t\t\t\t<\/div>\n\t\t\t<\/div>\n\t\t<\/div>\t\n\t\t\t\t\t\t\t\n\t\t\t\t\t\n\t\t<div class=\"item post post-holder\">\n\n\t\t\t<div class=\"blog-item-inner\">\n\t\t\t\t\n\t\t\t\t\n\t\t\t\t<div class=\"post-info\">\n\t\t\t\t\n\t\t\t\t\t<h5 class=\"post-title\">\n\t\t\t\t\t\t<a href=\"https:\/\/www.laligue85.org\/fra\/blog\/2022\/11\/07\/regroupement-departemental-des-volontaires-en-service-civique\/\">\n\t\t\t\t\t\t\tRegroupement d\u00e9partemental des volontaires en Service Civique\t\t\t\t\t\t<\/a>\n\t\t\t\t\t<\/h5>\n\t\t\t\t\t\n\t\t\t\t\t\t\t\n\t\t<ul class=\"post-meta\">\n\t\t\t<li>\n\t\t\t\tBy \n\t\t\t\t<a class=\"meta-value\" href=\"https:\/\/www.laligue85.org\/fra\/blog\/author\/epiveteau\/\">epiveteau<\/a>\n\t\t\t<\/li>\n\t\t\t<li>\n\t\t\t\ton \n\t\t\t\t<span class=\"meta-value\">7 novembre 2022<\/span>\n\t\t\t<\/li>\n\t\t<\/ul>\n\t\t\n\t\t\t\t\t\n\t\t\t\t\t<div class=\"post-content post-excerpt\">\n\t\t\t\t\t\t<p><p><a href=\"http:\/\/www.laligue85.org\/fra\/wp-content\/uploads\/2022\/11\/Creer-du-lien-au-sein-de-la-communaute-Soutenir-et-valoriser-votre-engagement-Donner-des-cles-pour-la-reussite-de-votre-mission-et-vos-projets-davenir.jpg\"><img loading=\"lazy\" decoding=\"async\" class=\"alignleft wp-image-12427 size-medium\" src=\"http:\/\/www.laligue85.org\/fra\/wp-content\/uploads\/2022\/11\/Creer-du-lien-au-sein-de-la-communaute-Soutenir-et-valoriser-votre-engagement-Donner-des-cles-pour-la-reussite-de-votre-mission-et-vos-projets-davenir-212x300.jpg\" alt=\"\" width=\"212\" height=\"300\" \/><\/a>Le regroupement des...<\/p><a href=\"https:\/\/www.laligue85.org\/fra\/blog\/2022\/11\/07\/regroupement-departemental-des-volontaires-en-service-civique\/\" class=\"post-more\">Lire la suite<\/a>\t\t\n\t\t\t\t\t<\/div>\n\t\t\t\t\t\t\n\t\t\t\t<\/div>\n\t\t\t<\/div>\n\t\t<\/div>\t\n\t\t\t\t\t\t\t\n\t\t\t\t\t\n\t\t<div class=\"item post post-holder\">\n\n\t\t\t<div class=\"blog-item-inner\">\n\t\t\t\t\n\t\t\t\t\t\t\t\t\t\t\n\t\t\t\t\t\t<div class=\"post-medias\">\n\t\t\t\t\t\t\t<a href=\"https:\/\/www.laligue85.org\/fra\/blog\/2022\/03\/31\/sensibilisation-au-vote\/\">\n\t\t\t\t\t\t\t\t<img decoding=\"async\" src=\"https:\/\/www.laligue85.org\/fra\/wp-content\/uploads\/2022\/03\/debat-mouvant-600x420.jpg\" alt=\"Sensibilisation au vote\">\n\t\t\t\t\t\t\t<\/a>\n\t\t\t\t\t\t<\/div>\n\t\t\t\t\t\t\n\t\t\t\t\t\t\n\t\t\t\t<div class=\"post-info\">\n\t\t\t\t\n\t\t\t\t\t<h5 class=\"post-title\">\n\t\t\t\t\t\t<a href=\"https:\/\/www.laligue85.org\/fra\/blog\/2022\/03\/31\/sensibilisation-au-vote\/\">\n\t\t\t\t\t\t\tSensibilisation au vote\t\t\t\t\t\t<\/a>\n\t\t\t\t\t<\/h5>\n\t\t\t\t\t\n\t\t\t\t\t\t\t\n\t\t<ul class=\"post-meta\">\n\t\t\t<li>\n\t\t\t\tBy \n\t\t\t\t<a class=\"meta-value\" href=\"https:\/\/www.laligue85.org\/fra\/blog\/author\/webreporter\/\">webreporter<\/a>\n\t\t\t<\/li>\n\t\t\t<li>\n\t\t\t\ton \n\t\t\t\t<span class=\"meta-value\">31 mars 2022<\/span>\n\t\t\t<\/li>\n\t\t<\/ul>\n\t\t\n\t\t\t\t\t\n\t\t\t\t\t<div class=\"post-content post-excerpt\">\n\t\t\t\t\t\t<p><p>[vc_row full_width=\u00a0\u00bbstretch_row_content_no_spaces\u00a0\u00bb equal_height=\u00a0\u00bbyes\u00a0\u00bb content_placement=\u00a0\u00bbmiddle\u00a0\u00bb css=\u00a0\u00bb.vc_custom_1493830181567{padding-top: 0px !important;padding-bottom: 0px !important;}\u00a0\u00bb][vc_column width=\u00a0\u00bb1\/2&Prime; col_padding=\u00a0\u00bb7&Prime; css=\u00a0\u00bb.vc_custom_1493831432964{padding-top: 20px !important;padding-bottom:...<\/p><a href=\"https:\/\/www.laligue85.org\/fra\/blog\/2022\/03\/31\/sensibilisation-au-vote\/\" class=\"post-more\">Lire la suite<\/a>\t\t\n\t\t\t\t\t<\/div>\n\t\t\t\t\t\t\n\t\t\t\t<\/div>\n\t\t\t<\/div>\n\t\t<\/div>\t\n\t\t\t\t\t\t\t\n\t\t\t\t\t\n\t\t<div class=\"item post post-holder\">\n\n\t\t\t<div class=\"blog-item-inner\">\n\t\t\t\t\n\t\t\t\t\t\t\t\t\t\t\n\t\t\t\t\t\t<div class=\"post-medias\">\n\t\t\t\t\t\t\t<a href=\"https:\/\/www.laligue85.org\/fra\/blog\/2022\/02\/14\/formation-civique-et-citoyenne\/\">\n\t\t\t\t\t\t\t\t<img decoding=\"async\" src=\"https:\/\/www.laligue85.org\/fra\/wp-content\/uploads\/2022\/02\/image00005-600x420.jpeg\" alt=\"Formation civique et citoyenne\">\n\t\t\t\t\t\t\t<\/a>\n\t\t\t\t\t\t<\/div>\n\t\t\t\t\t\t\n\t\t\t\t\t\t\n\t\t\t\t<div class=\"post-info\">\n\t\t\t\t\n\t\t\t\t\t<h5 class=\"post-title\">\n\t\t\t\t\t\t<a href=\"https:\/\/www.laligue85.org\/fra\/blog\/2022\/02\/14\/formation-civique-et-citoyenne\/\">\n\t\t\t\t\t\t\tFormation civique et citoyenne\t\t\t\t\t\t<\/a>\n\t\t\t\t\t<\/h5>\n\t\t\t\t\t\n\t\t\t\t\t\t\t\n\t\t<ul class=\"post-meta\">\n\t\t\t<li>\n\t\t\t\tBy \n\t\t\t\t<a class=\"meta-value\" href=\"https:\/\/www.laligue85.org\/fra\/blog\/author\/webreporter\/\">webreporter<\/a>\n\t\t\t<\/li>\n\t\t\t<li>\n\t\t\t\ton \n\t\t\t\t<span class=\"meta-value\">14 f\u00e9vrier 2022<\/span>\n\t\t\t<\/li>\n\t\t<\/ul>\n\t\t\n\t\t\t\t\t\n\t\t\t\t\t<div class=\"post-content post-excerpt\">\n\t\t\t\t\t\t<p><p>[vc_row][vc_column][vc_column_text]Au cours de sa mission de service civique, chaque volontaire doit suivre obligatoirement une...<\/p><a href=\"https:\/\/www.laligue85.org\/fra\/blog\/2022\/02\/14\/formation-civique-et-citoyenne\/\" class=\"post-more\">Lire la suite<\/a>\t\t\n\t\t\t\t\t<\/div>\n\t\t\t\t\t\t\n\t\t\t\t<\/div>\n\t\t\t<\/div>\n\t\t<\/div>\t\n\t\t\t\t\t\t\t\n\t\t\t\t\t\n\t\t<div class=\"item post post-holder\">\n\n\t\t\t<div class=\"blog-item-inner\">\n\t\t\t\t\n\t\t\t\t\t\t\t\t\t\t\n\t\t\t\t\t\t<div class=\"post-medias\">\n\t\t\t\t\t\t\t<a href=\"https:\/\/www.laligue85.org\/fra\/blog\/2021\/06\/09\/regroupement-departemental-des-volontaires-a-distance\/\">\n\t\t\t\t\t\t\t\t<img decoding=\"async\" src=\"https:\/\/www.laligue85.org\/fra\/wp-content\/uploads\/2021\/06\/Rassemblement-SC-600x420.jpg\" alt=\"Regroupement d\u00e9partemental des volontaires \u00e0 distance\">\n\t\t\t\t\t\t\t<\/a>\n\t\t\t\t\t\t<\/div>\n\t\t\t\t\t\t\n\t\t\t\t\t\t\n\t\t\t\t<div class=\"post-info\">\n\t\t\t\t\n\t\t\t\t\t<h5 class=\"post-title\">\n\t\t\t\t\t\t<a href=\"https:\/\/www.laligue85.org\/fra\/blog\/2021\/06\/09\/regroupement-departemental-des-volontaires-a-distance\/\">\n\t\t\t\t\t\t\tRegroupement d\u00e9partemental des volontaires \u00e0 distance\t\t\t\t\t\t<\/a>\n\t\t\t\t\t<\/h5>\n\t\t\t\t\t\n\t\t\t\t\t\t\t\n\t\t<ul class=\"post-meta\">\n\t\t\t<li>\n\t\t\t\tBy \n\t\t\t\t<a class=\"meta-value\" href=\"https:\/\/www.laligue85.org\/fra\/blog\/author\/webreporter\/\">webreporter<\/a>\n\t\t\t<\/li>\n\t\t\t<li>\n\t\t\t\ton \n\t\t\t\t<span class=\"meta-value\">9 juin 2021<\/span>\n\t\t\t<\/li>\n\t\t<\/ul>\n\t\t\n\t\t\t\t\t\n\t\t\t\t\t<div class=\"post-content post-excerpt\">\n\t\t\t\t\t\t<p><p>[vc_row][vc_column][vc_column_text]Le 25 Avril 2021 a eu lieu le regroupement d\u00e9partemental des volontaires en service...<\/p><a href=\"https:\/\/www.laligue85.org\/fra\/blog\/2021\/06\/09\/regroupement-departemental-des-volontaires-a-distance\/\" class=\"post-more\">Lire la suite<\/a>\t\t\n\t\t\t\t\t<\/div>\n\t\t\t\t\t\t\n\t\t\t\t<\/div>\n\t\t\t<\/div>\n\t\t<\/div>\t\n\t\t\t\t\t\t\t\n\t\t\t\t\t\n\t\t<div class=\"item post post-holder\">\n\n\t\t\t<div class=\"blog-item-inner\">\n\t\t\t\t\n\t\t\t\t\t\t\t\t\t\t\n\t\t\t\t\t\t<div class=\"post-medias\">\n\t\t\t\t\t\t\t<a href=\"https:\/\/www.laligue85.org\/fra\/blog\/2021\/04\/22\/la-formation-civique-et-citoyenne-a-distance\/\">\n\t\t\t\t\t\t\t\t<img decoding=\"async\" src=\"https:\/\/www.laligue85.org\/fra\/wp-content\/uploads\/2021\/04\/FCC-600x420.jpg\" alt=\"La formation civique et citoyenne \u00e0 distance\">\n\t\t\t\t\t\t\t<\/a>\n\t\t\t\t\t\t<\/div>\n\t\t\t\t\t\t\n\t\t\t\t\t\t\n\t\t\t\t<div class=\"post-info\">\n\t\t\t\t\n\t\t\t\t\t<h5 class=\"post-title\">\n\t\t\t\t\t\t<a href=\"https:\/\/www.laligue85.org\/fra\/blog\/2021\/04\/22\/la-formation-civique-et-citoyenne-a-distance\/\">\n\t\t\t\t\t\t\tLa formation civique et citoyenne \u00e0 distance\t\t\t\t\t\t<\/a>\n\t\t\t\t\t<\/h5>\n\t\t\t\t\t\n\t\t\t\t\t\t\t\n\t\t<ul class=\"post-meta\">\n\t\t\t<li>\n\t\t\t\tBy \n\t\t\t\t<a class=\"meta-value\" href=\"https:\/\/www.laligue85.org\/fra\/blog\/author\/webreporter\/\">webreporter<\/a>\n\t\t\t<\/li>\n\t\t\t<li>\n\t\t\t\ton \n\t\t\t\t<span class=\"meta-value\">22 avril 2021<\/span>\n\t\t\t<\/li>\n\t\t<\/ul>\n\t\t\n\t\t\t\t\t\n\t\t\t\t\t<div class=\"post-content post-excerpt\">\n\t\t\t\t\t\t<p><p>[vc_row][vc_column][vc_column_text]Lors de sa mission de service civique, chaque volontaire doit participer \u00e0 une formation...<\/p><a href=\"https:\/\/www.laligue85.org\/fra\/blog\/2021\/04\/22\/la-formation-civique-et-citoyenne-a-distance\/\" class=\"post-more\">Lire la suite<\/a>\t\t\n\t\t\t\t\t<\/div>\n\t\t\t\t\t\t\n\t\t\t\t<\/div>\n\t\t\t<\/div>\n\t\t<\/div>\t\n\t\t\t\t\t\t\t\n\t\t\t\t\t\n\t\t<div class=\"item post post-holder\">\n\n\t\t\t<div class=\"blog-item-inner\">\n\t\t\t\t\n\t\t\t\t\n\t\t\t\t<div class=\"post-info\">\n\t\t\t\t\n\t\t\t\t\t<h5 class=\"post-title\">\n\t\t\t\t\t\t<a href=\"https:\/\/www.laligue85.org\/fra\/blog\/2020\/03\/04\/10-ans-du-service-civique\/\">\n\t\t\t\t\t\t\t10 ans du Service Civique\t\t\t\t\t\t<\/a>\n\t\t\t\t\t<\/h5>\n\t\t\t\t\t\n\t\t\t\t\t\t\t\n\t\t<ul class=\"post-meta\">\n\t\t\t<li>\n\t\t\t\tBy \n\t\t\t\t<a class=\"meta-value\" href=\"https:\/\/www.laligue85.org\/fra\/blog\/author\/epiveteau\/\">epiveteau<\/a>\n\t\t\t<\/li>\n\t\t\t<li>\n\t\t\t\ton \n\t\t\t\t<span class=\"meta-value\">4 mars 2020<\/span>\n\t\t\t<\/li>\n\t\t<\/ul>\n\t\t\n\t\t\t\t\t\n\t\t\t\t\t<div class=\"post-content post-excerpt\">\n\t\t\t\t\t\t<p><p>Si tu es <b>volontaire ou ancien volontaire en Service Civique<\/b>, quelque soit ton lieu...<\/p><a href=\"https:\/\/www.laligue85.org\/fra\/blog\/2020\/03\/04\/10-ans-du-service-civique\/\" class=\"post-more\">Lire la suite<\/a>\t\t\n\t\t\t\t\t<\/div>\n\t\t\t\t\t\t\n\t\t\t\t<\/div>\n\t\t\t<\/div>\n\t\t<\/div>\t\n\t\t\t\t\t\t\t\n\t\t<\/div><\/div>[\/vc_column][\/vc_row][vc_row bg_color_pre=\u00a0\u00bbbg-color-1&Prime; css=\u00a0\u00bb.vc_custom_1495447264274{padding-top: 75px !important;padding-bottom: 40px !important;}\u00a0\u00bb][vc_column][vc_row_inner][vc_column_inner][vc_text_separator title=\u00a0\u00bbQui contacter \u00e0 La Ligue de l&rsquo;Enseignement de Vend\u00e9e pour le Service Civique ?\u00a0\u00bb title_align=\u00a0\u00bbseparator_align_left\u00a0\u00bb color=\u00a0\u00bbjuicy_pink\u00a0\u00bb border_width=\u00a0\u00bb4&Prime;][\/vc_column_inner][\/vc_row_inner][vc_row_inner css=\u00a0\u00bb.vc_custom_1495447259772{padding-bottom: 20px !important;}\u00a0\u00bb][vc_column_inner width=\u00a0\u00bb1\/4&Prime;]<div class=\"team-item vntd-person wpb_content_element team-members-modern team-members-boxed-solid\"><div class=\"item-main\"><a  class=\"item-image\"><img decoding=\"async\" src=\"https:\/\/www.laligue85.org\/fra\/wp-content\/uploads\/2018\/03\/Guillaume-600x600.jpg\" alt=\"Guillaume Allard\" title=\"Guillaume Allard\"><\/a><div class=\"item-overlay\"><div class=\"item-overlay-inner\"><div class=\"vntd-social-icons social-icons social-icons-circle\"><a href=\"mailto:http:\/\/www.laligue85.org\/fra\/blog\/2018\/04\/09\/lequipe\/\" class=\"icon-email\" target=\"_blank\" alt=\"Email\"><i class=\"fa fa-envelope icon-primary\"><\/i><\/a><\/div><\/div><\/div><\/div><div class=\"item-caption\"><div class=\"item-caption-inner\"><div class=\"team-caption-header\"><div class=\"team-caption-titles\"><h4 class=\"item-title team-member-name\">Guillaume Allard<\/h4><div class=\"caption-categories member-position\">Charg\u00e9 de mission jeunesse (Service Civique, Junior Association, interventions citoyennet\u00e9 en milieu scolaire)<\/div><\/div><\/div><div class=\"team-caption-bio\">02 51 36 45 90<\/div><\/div><\/div><\/div>[\/vc_column_inner][\/vc_row_inner][\/vc_column][\/vc_row]<\/p>\n","protected":false},"excerpt":{"rendered":"<p>Si tu es <b>volontaire ou ancien volontaire en Service Civique<\/b>, quelque soit ton lieu mission, <b>cette invitation est pour toi ! <\/b><\/p>\n<p>A l&rsquo;occasion des 10 ans du Service Civique, la Ligue de l&rsquo;enseignement de Vend\u00e9e organise une journ\u00e9e conviviale et engag\u00e9e \u00e0 La Roche sur Yon, ouverte \u00e0 tous : volontaires, anciens volontaires, tutrices.teurs, b\u00e9n\u00e9voles, partenaires, jeunes et anciens jeunes engag\u00e9s&#8230;<\/p>\n<p>Nous t&rsquo;invitons donc le <b>jeudi 19 mars<\/b> <b>2020 \u00e0 18h au Bar<\/b><b> \u00ab\u00a0Le Warp\u00a0\u00bb<\/b> pour partager ton aventure de l&rsquo;engagement volontaire et surtout profiter d&rsquo;un moment convivial autour d&rsquo;un verre et d&rsquo;une s\u00e9lection de jeux. Une premi\u00e8re boisson sera offerte (sous r\u00e9serve de places disponibles), <b><a href=\"https:\/\/frama.link\/10ansSC\">inscription souhait\u00e9e<\/a> <\/b><\/p>\n<p>Tu peux aussi venir d\u00e8s 14h au 14Bis participer \u00e0 une rencontre avec les d\u00e9l\u00e9gu\u00e9s du D\u00e9fenseur des Droits, puis \u00e0 16h pour un go\u00fbter participatif suivi d&rsquo;une rencontre avec l&rsquo;association Contact-Vend\u00e9e.&hellip;<\/p>","protected":false},"author":2,"featured_media":0,"comment_status":"closed","ping_status":"open","sticky":false,"template":"","format":"standard","meta":{"jetpack_post_was_ever_published":false,"footnotes":"","jetpack_publicize_message":"","jetpack_is_tweetstorm":false,"jetpack_publicize_feature_enabled":true,"jetpack_social_post_already_shared":true,"jetpack_social_options":[]},"categories":[73],"tags":[279,277,275,278],"class_list":["post-898","post","type-post","status-publish","format-standard","hentry","category-service-civique","tag-engagement","tag-jeunesse","tag-lire-et-faire-lire","tag-service-civique"],"jetpack_publicize_connections":[],"yoast_head":"<!-- This site is optimized with the Yoast SEO plugin v20.0 - https:\/\/yoast.com\/wordpress\/plugins\/seo\/ -->\n<title>Le Service Civique - La Ligue de l&#039;Enseignement de Vend\u00e9e<\/title>\n<meta name=\"robots\" content=\"index, follow, max-snippet:-1, max-image-preview:large, max-video-preview:-1\" \/>\n<link rel=\"canonical\" href=\"http:\/\/www.laligue85.org\/fra\/blog\/2018\/03\/28\/devenir-volontaire-avec-la-fol-vendee\/\" \/>\n<meta property=\"og:locale\" content=\"fr_FR\" \/>\n<meta property=\"og:type\" content=\"article\" \/>\n<meta property=\"og:title\" content=\"Le Service Civique - La Ligue de l&#039;Enseignement de Vend\u00e9e\" \/>\n<meta property=\"og:description\" content=\"Si tu es volontaire ou ancien volontaire en Service Civique, quelque soit ton lieu mission, cette invitation est pour toi ! A l&rsquo;occasion des 10 ans du Service Civique, la Ligue de l&rsquo;enseignement de Vend\u00e9e organise une journ\u00e9e conviviale et engag\u00e9e \u00e0 La Roche sur Yon, ouverte \u00e0 tous : volontaires, anciens volontaires, tutrices.teurs, b\u00e9n\u00e9voles, partenaires, jeunes et anciens jeunes engag\u00e9s&#8230; Nous t&rsquo;invitons donc le jeudi 19 mars 2020 \u00e0 18h au Bar \u00ab\u00a0Le Warp\u00a0\u00bb pour partager ton aventure de l&rsquo;engagement volontaire et surtout profiter d&rsquo;un moment convivial autour d&rsquo;un verre et d&rsquo;une s\u00e9lection de jeux. Une premi\u00e8re boisson sera offerte (sous r\u00e9serve de places disponibles), inscription souhait\u00e9e Tu peux aussi venir d\u00e8s 14h au 14Bis participer \u00e0 une rencontre avec les d\u00e9l\u00e9gu\u00e9s du D\u00e9fenseur des Droits, puis \u00e0 16h pour un go\u00fbter participatif suivi d&rsquo;une rencontre avec l&rsquo;association Contact-Vend\u00e9e.&hellip;\" \/>\n<meta property=\"og:url\" content=\"http:\/\/www.laligue85.org\/fra\/blog\/2018\/03\/28\/devenir-volontaire-avec-la-fol-vendee\/\" \/>\n<meta property=\"og:site_name\" content=\"La Ligue de l&#039;Enseignement de Vend\u00e9e\" \/>\n<meta property=\"article:published_time\" content=\"2018-03-28T06:15:27+00:00\" \/>\n<meta property=\"article:modified_time\" content=\"2024-09-17T13:31:23+00:00\" \/>\n<meta property=\"og:image\" content=\"http:\/\/www.laligue85.org\/fra\/wp-content\/uploads\/2018\/03\/logo_asc_header-300x170.png\" \/>\n<meta name=\"author\" content=\"epiveteau\" \/>\n<meta name=\"twitter:card\" content=\"summary_large_image\" \/>\n<meta name=\"twitter:label1\" content=\"\u00c9crit par\" \/>\n\t<meta name=\"twitter:data1\" content=\"epiveteau\" \/>\n\t<meta name=\"twitter:label2\" content=\"Dur\u00e9e de lecture estim\u00e9e\" \/>\n\t<meta name=\"twitter:data2\" content=\"2 minutes\" \/>\n<script type=\"application\/ld+json\" class=\"yoast-schema-graph\">{\"@context\":\"https:\/\/schema.org\",\"@graph\":[{\"@type\":\"WebPage\",\"@id\":\"http:\/\/www.laligue85.org\/fra\/blog\/2018\/03\/28\/devenir-volontaire-avec-la-fol-vendee\/\",\"url\":\"http:\/\/www.laligue85.org\/fra\/blog\/2018\/03\/28\/devenir-volontaire-avec-la-fol-vendee\/\",\"name\":\"Le Service Civique - La Ligue de l&#039;Enseignement de Vend\u00e9e\",\"isPartOf\":{\"@id\":\"http:\/\/www.laligue85.org\/fra\/#website\"},\"datePublished\":\"2018-03-28T06:15:27+00:00\",\"dateModified\":\"2024-09-17T13:31:23+00:00\",\"author\":{\"@id\":\"http:\/\/www.laligue85.org\/fra\/#\/schema\/person\/45271b6e75b5943f21d354872a5c1a2e\"},\"breadcrumb\":{\"@id\":\"http:\/\/www.laligue85.org\/fra\/blog\/2018\/03\/28\/devenir-volontaire-avec-la-fol-vendee\/#breadcrumb\"},\"inLanguage\":\"fr-FR\",\"potentialAction\":[{\"@type\":\"ReadAction\",\"target\":[\"http:\/\/www.laligue85.org\/fra\/blog\/2018\/03\/28\/devenir-volontaire-avec-la-fol-vendee\/\"]}]},{\"@type\":\"BreadcrumbList\",\"@id\":\"http:\/\/www.laligue85.org\/fra\/blog\/2018\/03\/28\/devenir-volontaire-avec-la-fol-vendee\/#breadcrumb\",\"itemListElement\":[{\"@type\":\"ListItem\",\"position\":1,\"name\":\"Accueil\",\"item\":\"http:\/\/www.laligue85.org\/fra\/\"},{\"@type\":\"ListItem\",\"position\":2,\"name\":\"Le Service Civique\"}]},{\"@type\":\"WebSite\",\"@id\":\"http:\/\/www.laligue85.org\/fra\/#website\",\"url\":\"http:\/\/www.laligue85.org\/fra\/\",\"name\":\"La Ligue de l&#039;Enseignement de Vend\u00e9e\",\"description\":\"F\u00e9d\u00e9ration d&#039;\u00e9ducation populaire\",\"potentialAction\":[{\"@type\":\"SearchAction\",\"target\":{\"@type\":\"EntryPoint\",\"urlTemplate\":\"http:\/\/www.laligue85.org\/fra\/?s={search_term_string}\"},\"query-input\":\"required name=search_term_string\"}],\"inLanguage\":\"fr-FR\"},{\"@type\":\"Person\",\"@id\":\"http:\/\/www.laligue85.org\/fra\/#\/schema\/person\/45271b6e75b5943f21d354872a5c1a2e\",\"name\":\"epiveteau\",\"image\":{\"@type\":\"ImageObject\",\"inLanguage\":\"fr-FR\",\"@id\":\"http:\/\/www.laligue85.org\/fra\/#\/schema\/person\/image\/\",\"url\":\"https:\/\/secure.gravatar.com\/avatar\/7fedac7ddc713994f9815c37f877ecb7?s=96&d=mm&r=g\",\"contentUrl\":\"https:\/\/secure.gravatar.com\/avatar\/7fedac7ddc713994f9815c37f877ecb7?s=96&d=mm&r=g\",\"caption\":\"epiveteau\"},\"url\":\"https:\/\/www.laligue85.org\/fra\/blog\/author\/epiveteau\/\"}]}<\/script>\n<!-- \/ Yoast SEO plugin. -->","yoast_head_json":{"title":"Le Service Civique - La Ligue de l&#039;Enseignement de Vend\u00e9e","robots":{"index":"index","follow":"follow","max-snippet":"max-snippet:-1","max-image-preview":"max-image-preview:large","max-video-preview":"max-video-preview:-1"},"canonical":"http:\/\/www.laligue85.org\/fra\/blog\/2018\/03\/28\/devenir-volontaire-avec-la-fol-vendee\/","og_locale":"fr_FR","og_type":"article","og_title":"Le Service Civique - La Ligue de l&#039;Enseignement de Vend\u00e9e","og_description":"Si tu es volontaire ou ancien volontaire en Service Civique, quelque soit ton lieu mission, cette invitation est pour toi ! A l&rsquo;occasion des 10 ans du Service Civique, la Ligue de l&rsquo;enseignement de Vend\u00e9e organise une journ\u00e9e conviviale et engag\u00e9e \u00e0 La Roche sur Yon, ouverte \u00e0 tous : volontaires, anciens volontaires, tutrices.teurs, b\u00e9n\u00e9voles, partenaires, jeunes et anciens jeunes engag\u00e9s&#8230; Nous t&rsquo;invitons donc le jeudi 19 mars 2020 \u00e0 18h au Bar \u00ab\u00a0Le Warp\u00a0\u00bb pour partager ton aventure de l&rsquo;engagement volontaire et surtout profiter d&rsquo;un moment convivial autour d&rsquo;un verre et d&rsquo;une s\u00e9lection de jeux. Une premi\u00e8re boisson sera offerte (sous r\u00e9serve de places disponibles), inscription souhait\u00e9e Tu peux aussi venir d\u00e8s 14h au 14Bis participer \u00e0 une rencontre avec les d\u00e9l\u00e9gu\u00e9s du D\u00e9fenseur des Droits, puis \u00e0 16h pour un go\u00fbter participatif suivi d&rsquo;une rencontre avec l&rsquo;association Contact-Vend\u00e9e.&hellip;","og_url":"http:\/\/www.laligue85.org\/fra\/blog\/2018\/03\/28\/devenir-volontaire-avec-la-fol-vendee\/","og_site_name":"La Ligue de l&#039;Enseignement de Vend\u00e9e","article_published_time":"2018-03-28T06:15:27+00:00","article_modified_time":"2024-09-17T13:31:23+00:00","og_image":[{"url":"http:\/\/www.laligue85.org\/fra\/wp-content\/uploads\/2018\/03\/logo_asc_header-300x170.png"}],"author":"epiveteau","twitter_card":"summary_large_image","twitter_misc":{"\u00c9crit par":"epiveteau","Dur\u00e9e de lecture estim\u00e9e":"2 minutes"},"schema":{"@context":"https:\/\/schema.org","@graph":[{"@type":"WebPage","@id":"http:\/\/www.laligue85.org\/fra\/blog\/2018\/03\/28\/devenir-volontaire-avec-la-fol-vendee\/","url":"http:\/\/www.laligue85.org\/fra\/blog\/2018\/03\/28\/devenir-volontaire-avec-la-fol-vendee\/","name":"Le Service Civique - La Ligue de l&#039;Enseignement de Vend\u00e9e","isPartOf":{"@id":"http:\/\/www.laligue85.org\/fra\/#website"},"datePublished":"2018-03-28T06:15:27+00:00","dateModified":"2024-09-17T13:31:23+00:00","author":{"@id":"http:\/\/www.laligue85.org\/fra\/#\/schema\/person\/45271b6e75b5943f21d354872a5c1a2e"},"breadcrumb":{"@id":"http:\/\/www.laligue85.org\/fra\/blog\/2018\/03\/28\/devenir-volontaire-avec-la-fol-vendee\/#breadcrumb"},"inLanguage":"fr-FR","potentialAction":[{"@type":"ReadAction","target":["http:\/\/www.laligue85.org\/fra\/blog\/2018\/03\/28\/devenir-volontaire-avec-la-fol-vendee\/"]}]},{"@type":"BreadcrumbList","@id":"http:\/\/www.laligue85.org\/fra\/blog\/2018\/03\/28\/devenir-volontaire-avec-la-fol-vendee\/#breadcrumb","itemListElement":[{"@type":"ListItem","position":1,"name":"Accueil","item":"http:\/\/www.laligue85.org\/fra\/"},{"@type":"ListItem","position":2,"name":"Le Service Civique"}]},{"@type":"WebSite","@id":"http:\/\/www.laligue85.org\/fra\/#website","url":"http:\/\/www.laligue85.org\/fra\/","name":"La Ligue de l&#039;Enseignement de Vend\u00e9e","description":"F\u00e9d\u00e9ration d&#039;\u00e9ducation populaire","potentialAction":[{"@type":"SearchAction","target":{"@type":"EntryPoint","urlTemplate":"http:\/\/www.laligue85.org\/fra\/?s={search_term_string}"},"query-input":"required name=search_term_string"}],"inLanguage":"fr-FR"},{"@type":"Person","@id":"http:\/\/www.laligue85.org\/fra\/#\/schema\/person\/45271b6e75b5943f21d354872a5c1a2e","name":"epiveteau","image":{"@type":"ImageObject","inLanguage":"fr-FR","@id":"http:\/\/www.laligue85.org\/fra\/#\/schema\/person\/image\/","url":"https:\/\/secure.gravatar.com\/avatar\/7fedac7ddc713994f9815c37f877ecb7?s=96&d=mm&r=g","contentUrl":"https:\/\/secure.gravatar.com\/avatar\/7fedac7ddc713994f9815c37f877ecb7?s=96&d=mm&r=g","caption":"epiveteau"},"url":"https:\/\/www.laligue85.org\/fra\/blog\/author\/epiveteau\/"}]}},"jetpack_featured_media_url":"","jetpack_shortlink":"https:\/\/wp.me\/p9Chnq-eu","_links":{"self":[{"href":"https:\/\/www.laligue85.org\/fra\/wp-json\/wp\/v2\/posts\/898","targetHints":{"allow":["GET"]}}],"collection":[{"href":"https:\/\/www.laligue85.org\/fra\/wp-json\/wp\/v2\/posts"}],"about":[{"href":"https:\/\/www.laligue85.org\/fra\/wp-json\/wp\/v2\/types\/post"}],"author":[{"embeddable":true,"href":"https:\/\/www.laligue85.org\/fra\/wp-json\/wp\/v2\/users\/2"}],"replies":[{"embeddable":true,"href":"https:\/\/www.laligue85.org\/fra\/wp-json\/wp\/v2\/comments?post=898"}],"version-history":[{"count":68,"href":"https:\/\/www.laligue85.org\/fra\/wp-json\/wp\/v2\/posts\/898\/revisions"}],"predecessor-version":[{"id":14243,"href":"https:\/\/www.laligue85.org\/fra\/wp-json\/wp\/v2\/posts\/898\/revisions\/14243"}],"wp:attachment":[{"href":"https:\/\/www.laligue85.org\/fra\/wp-json\/wp\/v2\/media?parent=898"}],"wp:term":[{"taxonomy":"category","embeddable":true,"href":"https:\/\/www.laligue85.org\/fra\/wp-json\/wp\/v2\/categories?post=898"},{"taxonomy":"post_tag","embeddable":true,"href":"https:\/\/www.laligue85.org\/fra\/wp-json\/wp\/v2\/tags?post=898"}],"curies":[{"name":"wp","href":"https:\/\/api.w.org\/{rel}","templated":true}]}}